{"id":6821,"date":"2026-03-16T11:18:38","date_gmt":"2026-03-16T11:18:38","guid":{"rendered":"https:\/\/www.ferrcos.es\/cierre-por-festivo-19-de-marzo\/"},"modified":"2026-03-16T15:37:33","modified_gmt":"2026-03-16T15:37:33","slug":"cierre-por-festivo-19-de-marzo","status":"publish","type":"post","link":"https:\/\/www.ferrcos.es\/fr\/cierre-por-festivo-19-de-marzo\/","title":{"rendered":"Avis de fermeture \u2013 19 mars"},"content":{"rendered":"<p data-start=\"41\" data-end=\"180\">Nous informons nos clients et collaborateurs que <strong data-start=\"90\" data-end=\"179\">nos installations de Pedreguer seront ferm\u00e9es le 19 mars \u00e0 l\u2019occasion d\u2019un jour f\u00e9ri\u00e9<\/strong>.<\/p>\n<p data-start=\"182\" data-end=\"274\">Pendant cette journ\u00e9e, <strong data-start=\"205\" data-end=\"273\">il n\u2019y aura pas d\u2019accueil du public ni d\u2019activit\u00e9 administrative<\/strong>.<\/p>\n<p data-start=\"276\" data-end=\"396\">Nous <strong data-start=\"281\" data-end=\"334\">reprendrons notre activit\u00e9 normalement le 20 mars<\/strong>, en r\u00e9pondant \u00e0 toutes les demandes et d\u00e9marches habituelles.<\/p>\n<p data-start=\"398\" data-end=\"534\" data-is-last-node=\"\" data-is-only-node=\"\">Nous vous remercions pour votre compr\u00e9hension et nous excusons pour les \u00e9ventuels d\u00e9sagr\u00e9ments que cette fermeture pourrait occasionner.<\/p>\n","protected":false},"excerpt":{"rendered":"<p>Nous informons nos clients et collaborateurs que nos installations de Pedreguer seront ferm\u00e9es le 19 mars \u00e0 l\u2019occasion d\u2019un jour f\u00e9ri\u00e9. Pendant cette journ\u00e9e, il n\u2019y aura pas d\u2019accueil du public ni d\u2019activit\u00e9 administrative. Nous reprendrons notre activit\u00e9 normalement le 20 mars, en r\u00e9pondant \u00e0 toutes les demandes et d\u00e9marches habituelles. Nous vous remercions pour [&hellip;]<\/p>\n","protected":false},"author":4,"featured_media":6800,"comment_status":"closed","ping_status":"closed","sticky":false,"template":"","format":"standard","meta":{"footnotes":""},"categories":[182],"tags":[],"class_list":["post-6821","post","type-post","status-publish","format-standard","has-post-thumbnail","hentry","category-empresa-fr"],"_links":{"self":[{"href":"https:\/\/www.ferrcos.es\/fr\/wp-json\/wp\/v2\/posts\/6821","targetHints":{"allow":["GET"]}}],"collection":[{"href":"https:\/\/www.ferrcos.es\/fr\/wp-json\/wp\/v2\/posts"}],"about":[{"href":"https:\/\/www.ferrcos.es\/fr\/wp-json\/wp\/v2\/types\/post"}],"author":[{"embeddable":true,"href":"https:\/\/www.ferrcos.es\/fr\/wp-json\/wp\/v2\/users\/4"}],"replies":[{"embeddable":true,"href":"https:\/\/www.ferrcos.es\/fr\/wp-json\/wp\/v2\/comments?post=6821"}],"version-history":[{"count":1,"href":"https:\/\/www.ferrcos.es\/fr\/wp-json\/wp\/v2\/posts\/6821\/revisions"}],"predecessor-version":[{"id":6823,"href":"https:\/\/www.ferrcos.es\/fr\/wp-json\/wp\/v2\/posts\/6821\/revisions\/6823"}],"wp:featuredmedia":[{"embeddable":true,"href":"https:\/\/www.ferrcos.es\/fr\/wp-json\/wp\/v2\/media\/6800"}],"wp:attachment":[{"href":"https:\/\/www.ferrcos.es\/fr\/wp-json\/wp\/v2\/media?parent=6821"}],"wp:term":[{"taxonomy":"category","embeddable":true,"href":"https:\/\/www.ferrcos.es\/fr\/wp-json\/wp\/v2\/categories?post=6821"},{"taxonomy":"post_tag","embeddable":true,"href":"https:\/\/www.ferrcos.es\/fr\/wp-json\/wp\/v2\/tags?post=6821"}],"curies":[{"name":"wp","href":"https:\/\/api.w.org\/{rel}","templated":true}]}}