{"id":6815,"date":"2026-03-16T09:00:00","date_gmt":"2026-03-16T09:00:00","guid":{"rendered":"https:\/\/www.ferrcos.es\/comercial-para-tienda-pedreguer-alicante\/"},"modified":"2026-03-16T15:33:24","modified_gmt":"2026-03-16T15:33:24","slug":"comercial-para-tienda-pedreguer-alicante","status":"publish","type":"post","link":"https:\/\/www.ferrcos.es\/fr\/comercial-para-tienda-pedreguer-alicante\/","title":{"rendered":"Commercial(e) \u2013 Showroom (Pedreguer, Alicante)"},"content":{"rendered":"<p data-start=\"65\" data-end=\"189\"><strong data-start=\"65\" data-end=\"189\">Chez Ferrer Costa Grupo \/ Santos D\u00e9nia, nous recherchons un(e) Commercial(e) pour notre magasin de Pedreguer (Alicante).<\/strong><\/p>\n<p data-start=\"191\" data-end=\"568\">Nous recherchons une personne dynamique, responsable et dot\u00e9e d\u2019un v\u00e9ritable sens commercial, avec un excellent relationnel client et une bonne capacit\u00e9 \u00e0 travailler en \u00e9quipe. Si vous appr\u00e9ciez le contact avec les clients et que vous \u00eates int\u00e9ress\u00e9(e) par l\u2019univers du design, de l\u2019architecture et de l\u2019architecture d\u2019int\u00e9rieur, nous serions ravis de faire votre connaissance.<\/p>\n<h2 data-section-id=\"aez1uq\" data-start=\"570\" data-end=\"589\">Profil recherch\u00e9<\/h2>\n<ul data-start=\"591\" data-end=\"937\">\n<li data-section-id=\"yx6js1\" data-start=\"591\" data-end=\"650\">\n<p data-start=\"593\" data-end=\"650\">Profil <strong data-start=\"600\" data-end=\"647\">responsable, organis\u00e9 et orient\u00e9 commercial<\/strong>.<\/p>\n<\/li>\n<li data-section-id=\"xa88a4\" data-start=\"651\" data-end=\"723\">\n<p data-start=\"653\" data-end=\"723\">Excellent <strong data-start=\"663\" data-end=\"693\">sens du relationnel client<\/strong> et capacit\u00e9 de n\u00e9gociation.<\/p>\n<\/li>\n<li data-section-id=\"1c921pq\" data-start=\"724\" data-end=\"788\">\n<p data-start=\"726\" data-end=\"788\">Bonne ma\u00eetrise des <strong data-start=\"745\" data-end=\"785\">ERP, CRM, Excel et outils de gestion<\/strong>.<\/p>\n<\/li>\n<li data-section-id=\"1g4gyq4\" data-start=\"789\" data-end=\"858\">\n<p data-start=\"791\" data-end=\"858\"><strong data-start=\"791\" data-end=\"811\">Niveau d\u2019anglais<\/strong> requis (d\u2019autres langues seront appr\u00e9ci\u00e9es).<\/p>\n<\/li>\n<li data-section-id=\"lr7tof\" data-start=\"859\" data-end=\"937\">\n<p data-start=\"861\" data-end=\"937\">Personne impliqu\u00e9e, proactive et souhaitant <strong data-start=\"905\" data-end=\"936\">\u00e9voluer professionnellement<\/strong>.<\/p>\n<\/li>\n<\/ul>\n<h2 data-section-id=\"exf59a\" data-start=\"939\" data-end=\"962\">Missions principales<\/h2>\n<p data-start=\"964\" data-end=\"1006\">La personne s\u00e9lectionn\u00e9e sera charg\u00e9e de :<\/p>\n<ul data-start=\"1008\" data-end=\"1479\">\n<li data-section-id=\"o73yd6\" data-start=\"1008\" data-end=\"1228\">\n<p data-start=\"1010\" data-end=\"1228\">Visiter des <strong data-start=\"1022\" data-end=\"1140\">cabinets d\u2019architecture, d\u2019architecture d\u2019int\u00e9rieur, des entreprises de construction et des promoteurs immobiliers<\/strong> afin de promouvoir les produits et services de <strong data-start=\"1188\" data-end=\"1225\">Santos D\u00e9nia et Ferrcos Pedreguer<\/strong>.<\/p>\n<\/li>\n<li data-section-id=\"xvxlw1\" data-start=\"1229\" data-end=\"1307\">\n<p data-start=\"1231\" data-end=\"1307\">Conseiller les clients dans la <strong data-start=\"1262\" data-end=\"1304\">recherche de mat\u00e9riaux et de solutions<\/strong>.<\/p>\n<\/li>\n<li data-section-id=\"11xwuax\" data-start=\"1308\" data-end=\"1364\">\n<p data-start=\"1310\" data-end=\"1364\">\u00c9laborer des <strong data-start=\"1323\" data-end=\"1361\">devis et propositions commerciales<\/strong>.<\/p>\n<\/li>\n<li data-section-id=\"kozmg\" data-start=\"1365\" data-end=\"1422\">\n<p data-start=\"1367\" data-end=\"1422\"><strong data-start=\"1367\" data-end=\"1419\">N\u00e9gocier et conclure des op\u00e9rations commerciales<\/strong>.<\/p>\n<\/li>\n<li data-section-id=\"15ti9ja\" data-start=\"1423\" data-end=\"1479\">\n<p data-start=\"1425\" data-end=\"1479\">Effectuer des <strong data-start=\"1439\" data-end=\"1478\">d\u00e9placements occasionnels \u00e0 l\u2019usine<\/strong>.<\/p>\n<\/li>\n<\/ul>\n<h2 data-section-id=\"8k9yec\" data-start=\"1481\" data-end=\"1499\">Lieu de travail<\/h2>\n<p data-start=\"1501\" data-end=\"1534\"><strong data-start=\"1501\" data-end=\"1534\">Pedreguer (Alicante), Espagne<\/strong><\/p>\n<p data-start=\"1536\" data-end=\"1684\">Nous recherchons une personne avec <strong data-start=\"1571\" data-end=\"1683\">une bonne attitude, de l\u2019implication et l\u2019envie de rejoindre une \u00e9quipe professionnelle en pleine croissance<\/strong>.<\/p>\n<h2 data-section-id=\"kukpsd\" data-start=\"1686\" data-end=\"1711\">Envoi des candidatures<\/h2>\n<p data-start=\"1713\" data-end=\"1746\">Veuillez envoyer votre <strong data-start=\"1736\" data-end=\"1742\">CV<\/strong> \u00e0 :<\/p>\n<p data-start=\"1748\" data-end=\"1776\"><strong data-start=\"1748\" data-end=\"1776\"><a class=\"decorated-link cursor-pointer\" rel=\"noopener\" data-start=\"1750\" data-end=\"1774\">ofertasempleo@ferrcos.es<\/a><\/strong><\/p>\n<p data-start=\"1778\" data-end=\"1851\" data-is-last-node=\"\" data-is-only-node=\"\"><em data-start=\"1778\" data-end=\"1851\" data-is-last-node=\"\">Merci de vous abstenir si vous ne remplissez pas les crit\u00e8res indiqu\u00e9s.<\/em><\/p>\n","protected":false},"excerpt":{"rendered":"<p>Chez Ferrer Costa Grupo \/ Santos D\u00e9nia, nous recherchons un(e) Commercial(e) pour notre magasin de Pedreguer (Alicante). Nous recherchons une personne dynamique, responsable et dot\u00e9e d\u2019un v\u00e9ritable sens commercial, avec un excellent relationnel client et une bonne capacit\u00e9 \u00e0 travailler en \u00e9quipe. Si vous appr\u00e9ciez le contact avec les clients et que vous \u00eates int\u00e9ress\u00e9(e) [&hellip;]<\/p>\n","protected":false},"author":4,"featured_media":6787,"comment_status":"closed","ping_status":"closed","sticky":false,"template":"","format":"standard","meta":{"footnotes":""},"categories":[181,182],"tags":[],"class_list":["post-6815","post","type-post","status-publish","format-standard","has-post-thumbnail","hentry","category-empleo-fr","category-empresa-fr"],"_links":{"self":[{"href":"https:\/\/www.ferrcos.es\/fr\/wp-json\/wp\/v2\/posts\/6815","targetHints":{"allow":["GET"]}}],"collection":[{"href":"https:\/\/www.ferrcos.es\/fr\/wp-json\/wp\/v2\/posts"}],"about":[{"href":"https:\/\/www.ferrcos.es\/fr\/wp-json\/wp\/v2\/types\/post"}],"author":[{"embeddable":true,"href":"https:\/\/www.ferrcos.es\/fr\/wp-json\/wp\/v2\/users\/4"}],"replies":[{"embeddable":true,"href":"https:\/\/www.ferrcos.es\/fr\/wp-json\/wp\/v2\/comments?post=6815"}],"version-history":[{"count":1,"href":"https:\/\/www.ferrcos.es\/fr\/wp-json\/wp\/v2\/posts\/6815\/revisions"}],"predecessor-version":[{"id":6818,"href":"https:\/\/www.ferrcos.es\/fr\/wp-json\/wp\/v2\/posts\/6815\/revisions\/6818"}],"wp:featuredmedia":[{"embeddable":true,"href":"https:\/\/www.ferrcos.es\/fr\/wp-json\/wp\/v2\/media\/6787"}],"wp:attachment":[{"href":"https:\/\/www.ferrcos.es\/fr\/wp-json\/wp\/v2\/media?parent=6815"}],"wp:term":[{"taxonomy":"category","embeddable":true,"href":"https:\/\/www.ferrcos.es\/fr\/wp-json\/wp\/v2\/categories?post=6815"},{"taxonomy":"post_tag","embeddable":true,"href":"https:\/\/www.ferrcos.es\/fr\/wp-json\/wp\/v2\/tags?post=6815"}],"curies":[{"name":"wp","href":"https:\/\/api.w.org\/{rel}","templated":true}]}}