{"id":6811,"date":"2026-03-16T08:55:37","date_gmt":"2026-03-16T08:55:37","guid":{"rendered":"https:\/\/www.ferrcos.es\/gestor-a-comercial-exportacion-frances\/"},"modified":"2026-03-16T15:30:03","modified_gmt":"2026-03-16T15:30:03","slug":"gestor-a-comercial-exportacion-frances","status":"publish","type":"post","link":"https:\/\/www.ferrcos.es\/fr\/gestor-a-comercial-exportacion-frances\/","title":{"rendered":"Responsable Commercial Export (Fran\u00e7ais)"},"content":{"rendered":"<p data-start=\"59\" data-end=\"202\"><strong data-start=\"59\" data-end=\"202\">Chez Ferrer Costa Grupo, nous recherchons un(e) Responsable Commercial(e) Export afin de renforcer notre \u00e9quipe commerciale internationale.<\/strong><\/p>\n<p data-start=\"204\" data-end=\"509\">Nous recherchons une personne dynamique, proactive et orient\u00e9e client, dot\u00e9e d\u2019un bon sens de l\u2019organisation et appr\u00e9ciant le travail en \u00e9quipe. Si le contexte international vous int\u00e9resse et que vous souhaitez rejoindre une entreprise en pleine croissance, nous serions ravis de faire votre connaissance.<\/p>\n<h2 data-section-id=\"aez1uq\" data-start=\"511\" data-end=\"530\">Profil recherch\u00e9<\/h2>\n<ul data-start=\"532\" data-end=\"750\">\n<li data-section-id=\"1t9j5cc\" data-start=\"532\" data-end=\"578\">\n<p data-start=\"534\" data-end=\"578\">Niveau \u00e9lev\u00e9 de <strong data-start=\"550\" data-end=\"575\">fran\u00e7ais et d\u2019anglais<\/strong>.<\/p>\n<\/li>\n<li data-section-id=\"19vlfx2\" data-start=\"579\" data-end=\"624\">\n<p data-start=\"581\" data-end=\"624\">Bonne ma\u00eetrise des <strong data-start=\"600\" data-end=\"621\">ERP, CRM et Excel<\/strong>.<\/p>\n<\/li>\n<li data-section-id=\"1174m4e\" data-start=\"625\" data-end=\"683\">\n<p data-start=\"627\" data-end=\"683\">Profil <strong data-start=\"634\" data-end=\"680\">responsable, organis\u00e9 et orient\u00e9 r\u00e9sultats<\/strong>.<\/p>\n<\/li>\n<li data-section-id=\"8inxcf\" data-start=\"684\" data-end=\"750\">\n<p data-start=\"686\" data-end=\"750\">Attitude collaborative et <strong data-start=\"712\" data-end=\"749\">bonnes capacit\u00e9s de communication<\/strong>.<\/p>\n<\/li>\n<\/ul>\n<h2 data-section-id=\"exf59a\" data-start=\"752\" data-end=\"775\">Missions principales<\/h2>\n<p data-start=\"777\" data-end=\"966\">La personne s\u00e9lectionn\u00e9e sera en charge des <strong data-start=\"821\" data-end=\"859\">march\u00e9s d\u2019exportation francophones<\/strong>, principalement <strong data-start=\"876\" data-end=\"919\">la France, la Belgique et le Luxembourg<\/strong>, et r\u00e9alisera notamment les t\u00e2ches suivantes :<\/p>\n<ul data-start=\"968\" data-end=\"1464\">\n<li data-section-id=\"1qgp9fl\" data-start=\"968\" data-end=\"1022\">\n<p data-start=\"970\" data-end=\"1022\">\u00c9laboration de <strong data-start=\"985\" data-end=\"1019\">devis et d\u2019offres commerciales<\/strong>.<\/p>\n<\/li>\n<li data-section-id=\"8f6dkz\" data-start=\"1023\" data-end=\"1070\">\n<p data-start=\"1025\" data-end=\"1070\">Gestion et suivi des <strong data-start=\"1046\" data-end=\"1067\">commandes clients<\/strong>.<\/p>\n<\/li>\n<li data-section-id=\"15f7zgs\" data-start=\"1071\" data-end=\"1127\">\n<p data-start=\"1073\" data-end=\"1127\">Coordination des <strong data-start=\"1090\" data-end=\"1124\">livraisons et de la logistique<\/strong>.<\/p>\n<\/li>\n<li data-section-id=\"5tqn5v\" data-start=\"1128\" data-end=\"1171\">\n<p data-start=\"1130\" data-end=\"1171\"><strong data-start=\"1130\" data-end=\"1145\">Facturation<\/strong> et suivi des paiements.<\/p>\n<\/li>\n<li data-section-id=\"uo2j7g\" data-start=\"1172\" data-end=\"1247\">\n<p data-start=\"1174\" data-end=\"1247\">Conseil aux clients dans la <strong data-start=\"1202\" data-end=\"1244\">recherche de mat\u00e9riaux et de solutions<\/strong>.<\/p>\n<\/li>\n<li data-section-id=\"11nw06b\" data-start=\"1248\" data-end=\"1294\">\n<p data-start=\"1250\" data-end=\"1294\"><strong data-start=\"1250\" data-end=\"1291\">N\u00e9gociation d\u2019op\u00e9rations commerciales<\/strong>.<\/p>\n<\/li>\n<li data-section-id=\"ax9il5\" data-start=\"1295\" data-end=\"1349\">\n<p data-start=\"1297\" data-end=\"1349\">Supervision de la <strong data-start=\"1315\" data-end=\"1346\">documentation d\u2019exportation<\/strong>.<\/p>\n<\/li>\n<li data-section-id=\"1ko4cnm\" data-start=\"1350\" data-end=\"1464\">\n<p data-start=\"1352\" data-end=\"1464\">Participation \u00e0 des <strong data-start=\"1372\" data-end=\"1432\">visites clients et d\u00e9placements commerciaux occasionnels<\/strong> avec le responsable commercial.<\/p>\n<\/li>\n<\/ul>\n<h2 data-section-id=\"8k9yec\" data-start=\"1466\" data-end=\"1484\">Lieu de travail<\/h2>\n<p data-start=\"1486\" data-end=\"1519\"><strong data-start=\"1486\" data-end=\"1519\">Pedreguer (Alicante), Espagne<\/strong><\/p>\n<h2 data-section-id=\"11pymps\" data-start=\"1521\" data-end=\"1540\">Comment postuler<\/h2>\n<p data-start=\"1542\" data-end=\"1656\">Si vous r\u00e9pondez aux crit\u00e8res et que le poste vous int\u00e9resse, veuillez envoyer votre <strong data-start=\"1627\" data-end=\"1633\">CV<\/strong> \u00e0 l\u2019adresse suivante :<\/p>\n<p data-start=\"1658\" data-end=\"1686\"><strong data-start=\"1658\" data-end=\"1686\"><a class=\"decorated-link cursor-pointer\" rel=\"noopener\" data-start=\"1660\" data-end=\"1684\">ofertasempleo@ferrcos.es<\/a><\/strong><\/p>\n<p data-start=\"1688\" data-end=\"1761\" data-is-last-node=\"\" data-is-only-node=\"\"><em data-start=\"1688\" data-end=\"1761\" data-is-last-node=\"\">Merci de vous abstenir si vous ne remplissez pas les crit\u00e8res indiqu\u00e9s.<\/em><\/p>\n","protected":false},"excerpt":{"rendered":"<p>Chez Ferrer Costa Grupo, nous recherchons un(e) Responsable Commercial(e) Export afin de renforcer notre \u00e9quipe commerciale internationale. Nous recherchons une personne dynamique, proactive et orient\u00e9e client, dot\u00e9e d\u2019un bon sens de l\u2019organisation et appr\u00e9ciant le travail en \u00e9quipe. Si le contexte international vous int\u00e9resse et que vous souhaitez rejoindre une entreprise en pleine croissance, nous [&hellip;]<\/p>\n","protected":false},"author":4,"featured_media":6782,"comment_status":"closed","ping_status":"closed","sticky":false,"template":"","format":"standard","meta":{"footnotes":""},"categories":[181,182],"tags":[],"class_list":["post-6811","post","type-post","status-publish","format-standard","has-post-thumbnail","hentry","category-empleo-fr","category-empresa-fr"],"_links":{"self":[{"href":"https:\/\/www.ferrcos.es\/fr\/wp-json\/wp\/v2\/posts\/6811","targetHints":{"allow":["GET"]}}],"collection":[{"href":"https:\/\/www.ferrcos.es\/fr\/wp-json\/wp\/v2\/posts"}],"about":[{"href":"https:\/\/www.ferrcos.es\/fr\/wp-json\/wp\/v2\/types\/post"}],"author":[{"embeddable":true,"href":"https:\/\/www.ferrcos.es\/fr\/wp-json\/wp\/v2\/users\/4"}],"replies":[{"embeddable":true,"href":"https:\/\/www.ferrcos.es\/fr\/wp-json\/wp\/v2\/comments?post=6811"}],"version-history":[{"count":1,"href":"https:\/\/www.ferrcos.es\/fr\/wp-json\/wp\/v2\/posts\/6811\/revisions"}],"predecessor-version":[{"id":6813,"href":"https:\/\/www.ferrcos.es\/fr\/wp-json\/wp\/v2\/posts\/6811\/revisions\/6813"}],"wp:featuredmedia":[{"embeddable":true,"href":"https:\/\/www.ferrcos.es\/fr\/wp-json\/wp\/v2\/media\/6782"}],"wp:attachment":[{"href":"https:\/\/www.ferrcos.es\/fr\/wp-json\/wp\/v2\/media?parent=6811"}],"wp:term":[{"taxonomy":"category","embeddable":true,"href":"https:\/\/www.ferrcos.es\/fr\/wp-json\/wp\/v2\/categories?post=6811"},{"taxonomy":"post_tag","embeddable":true,"href":"https:\/\/www.ferrcos.es\/fr\/wp-json\/wp\/v2\/tags?post=6811"}],"curies":[{"name":"wp","href":"https:\/\/api.w.org\/{rel}","templated":true}]}}