{"id":6807,"date":"2026-03-16T08:50:05","date_gmt":"2026-03-16T08:50:05","guid":{"rendered":"https:\/\/www.ferrcos.es\/tecnico-a-de-compras-y-facturacion\/"},"modified":"2026-03-16T15:25:49","modified_gmt":"2026-03-16T15:25:49","slug":"tecnico-a-de-compras-y-facturacion","status":"publish","type":"post","link":"https:\/\/www.ferrcos.es\/fr\/tecnico-a-de-compras-y-facturacion\/","title":{"rendered":"Technicien(ne) Achats et Facturation"},"content":{"rendered":"<p data-start=\"64\" data-end=\"204\">Chez <strong data-start=\"69\" data-end=\"91\">FERRER COSTA Grupo<\/strong>, nous recherchons actuellement un(e) <strong data-start=\"129\" data-end=\"172\">Technicien(ne) en Achats et Facturation<\/strong> afin de renforcer notre \u00e9quipe.<\/p>\n<h2 data-section-id=\"aez1uq\" data-start=\"206\" data-end=\"225\">Profil recherch\u00e9<\/h2>\n<ul data-start=\"227\" data-end=\"572\">\n<li data-section-id=\"cc01yr\" data-start=\"227\" data-end=\"278\">\n<p data-start=\"229\" data-end=\"278\">Personne <strong data-start=\"238\" data-end=\"276\">organis\u00e9e, r\u00e9active et responsable<\/strong><\/p>\n<\/li>\n<li data-section-id=\"vplo3s\" data-start=\"279\" data-end=\"344\">\n<p data-start=\"281\" data-end=\"344\"><strong data-start=\"281\" data-end=\"305\">Bon niveau d\u2019anglais<\/strong> (d\u2019autres langues seront appr\u00e9ci\u00e9es)<\/p>\n<\/li>\n<li data-section-id=\"xjjrv0\" data-start=\"345\" data-end=\"412\">\n<p data-start=\"347\" data-end=\"412\">Bonne ma\u00eetrise des <strong data-start=\"366\" data-end=\"410\">ERP, d\u2019Excel et des outils informatiques<\/strong><\/p>\n<\/li>\n<li data-section-id=\"du5ubv\" data-start=\"413\" data-end=\"499\">\n<p data-start=\"415\" data-end=\"499\">Connaissances en <strong data-start=\"432\" data-end=\"458\">commerce international<\/strong> (Intrastat, Incoterms et types de TVA)<\/p>\n<\/li>\n<li data-section-id=\"qfw465\" data-start=\"500\" data-end=\"572\">\n<p data-start=\"502\" data-end=\"572\"><strong data-start=\"502\" data-end=\"535\">Formation de niveau sup\u00e9rieur<\/strong>, dipl\u00f4me universitaire ou \u00e9quivalent<\/p>\n<\/li>\n<\/ul>\n<h2 data-section-id=\"mp1qre\" data-start=\"574\" data-end=\"585\">Missions<\/h2>\n<ul data-start=\"587\" data-end=\"961\">\n<li data-section-id=\"f6qtes\" data-start=\"587\" data-end=\"638\">\n<p data-start=\"589\" data-end=\"638\">Gestion des <strong data-start=\"601\" data-end=\"636\">tarifs d\u2019achat des fournisseurs<\/strong><\/p>\n<\/li>\n<li data-section-id=\"k6m58e\" data-start=\"639\" data-end=\"744\">\n<p data-start=\"641\" data-end=\"744\">Administration des <strong data-start=\"660\" data-end=\"692\">articles d\u2019achat et de vente<\/strong> (packaging, Intrastat, poids, emplacements, etc.)<\/p>\n<\/li>\n<li data-section-id=\"o6ua7f\" data-start=\"745\" data-end=\"794\">\n<p data-start=\"747\" data-end=\"794\">Gestion des <strong data-start=\"759\" data-end=\"792\">Incoterms et des types de TVA<\/strong><\/p>\n<\/li>\n<li data-section-id=\"1xk6dho\" data-start=\"795\" data-end=\"878\">\n<p data-start=\"797\" data-end=\"878\"><strong data-start=\"797\" data-end=\"823\">Facturation des ventes<\/strong> et documentation associ\u00e9e (Intrastat, douanes, etc.)<\/p>\n<\/li>\n<li data-section-id=\"c3723i\" data-start=\"879\" data-end=\"961\">\n<p data-start=\"881\" data-end=\"961\">V\u00e9rification de la documentation et <strong data-start=\"917\" data-end=\"961\">r\u00e9solution des incidences de facturation<\/strong><\/p>\n<\/li>\n<\/ul>\n<h2 data-section-id=\"8k9yec\" data-start=\"963\" data-end=\"981\">Lieu de travail<\/h2>\n<p data-start=\"983\" data-end=\"1016\"><strong data-start=\"983\" data-end=\"1016\">Pedreguer (Alicante), Espagne<\/strong><\/p>\n<h2 data-section-id=\"kukpsd\" data-start=\"1018\" data-end=\"1043\">Envoi des candidatures<\/h2>\n<p data-start=\"1045\" data-end=\"1100\">Envoyer votre <strong data-start=\"1059\" data-end=\"1065\">CV<\/strong> \u00e0 :<br data-start=\"1069\" data-end=\"1072\" \/><strong data-start=\"1072\" data-end=\"1100\"><a class=\"decorated-link cursor-pointer\" rel=\"noopener\" data-start=\"1074\" data-end=\"1098\">ofertasempleo@ferrcos.es<\/a><\/strong><\/p>\n<p data-start=\"1102\" data-end=\"1179\" data-is-last-node=\"\" data-is-only-node=\"\">Merci de <strong data-start=\"1111\" data-end=\"1179\" data-is-last-node=\"\">vous abstenir si vous ne remplissez pas les conditions requises.<\/strong><\/p>\n","protected":false},"excerpt":{"rendered":"<p>Chez FERRER COSTA Grupo, nous recherchons actuellement un(e) Technicien(ne) en Achats et Facturation afin de renforcer notre \u00e9quipe. Profil recherch\u00e9 Personne organis\u00e9e, r\u00e9active et responsable Bon niveau d\u2019anglais (d\u2019autres langues seront appr\u00e9ci\u00e9es) Bonne ma\u00eetrise des ERP, d\u2019Excel et des outils informatiques Connaissances en commerce international (Intrastat, Incoterms et types de TVA) Formation de niveau sup\u00e9rieur, [&hellip;]<\/p>\n","protected":false},"author":4,"featured_media":6777,"comment_status":"closed","ping_status":"closed","sticky":false,"template":"","format":"standard","meta":{"footnotes":""},"categories":[181,182],"tags":[],"class_list":["post-6807","post","type-post","status-publish","format-standard","has-post-thumbnail","hentry","category-empleo-fr","category-empresa-fr"],"_links":{"self":[{"href":"https:\/\/www.ferrcos.es\/fr\/wp-json\/wp\/v2\/posts\/6807","targetHints":{"allow":["GET"]}}],"collection":[{"href":"https:\/\/www.ferrcos.es\/fr\/wp-json\/wp\/v2\/posts"}],"about":[{"href":"https:\/\/www.ferrcos.es\/fr\/wp-json\/wp\/v2\/types\/post"}],"author":[{"embeddable":true,"href":"https:\/\/www.ferrcos.es\/fr\/wp-json\/wp\/v2\/users\/4"}],"replies":[{"embeddable":true,"href":"https:\/\/www.ferrcos.es\/fr\/wp-json\/wp\/v2\/comments?post=6807"}],"version-history":[{"count":1,"href":"https:\/\/www.ferrcos.es\/fr\/wp-json\/wp\/v2\/posts\/6807\/revisions"}],"predecessor-version":[{"id":6809,"href":"https:\/\/www.ferrcos.es\/fr\/wp-json\/wp\/v2\/posts\/6807\/revisions\/6809"}],"wp:featuredmedia":[{"embeddable":true,"href":"https:\/\/www.ferrcos.es\/fr\/wp-json\/wp\/v2\/media\/6777"}],"wp:attachment":[{"href":"https:\/\/www.ferrcos.es\/fr\/wp-json\/wp\/v2\/media?parent=6807"}],"wp:term":[{"taxonomy":"category","embeddable":true,"href":"https:\/\/www.ferrcos.es\/fr\/wp-json\/wp\/v2\/categories?post=6807"},{"taxonomy":"post_tag","embeddable":true,"href":"https:\/\/www.ferrcos.es\/fr\/wp-json\/wp\/v2\/tags?post=6807"}],"curies":[{"name":"wp","href":"https:\/\/api.w.org\/{rel}","templated":true}]}}