{"id":6803,"date":"2026-03-16T08:05:13","date_gmt":"2026-03-16T08:05:13","guid":{"rendered":"https:\/\/www.ferrcos.es\/ferrer-costa-grupo-busca-gestor-a-logistico-a-con-frances-e-ingles\/"},"modified":"2026-03-16T15:18:38","modified_gmt":"2026-03-16T15:18:38","slug":"ferrer-costa-grupo-busca-gestor-a-logistico-a-con-frances-e-ingles","status":"publish","type":"post","link":"https:\/\/www.ferrcos.es\/fr\/ferrer-costa-grupo-busca-gestor-a-logistico-a-con-frances-e-ingles\/","title":{"rendered":"Responsable Logistique (Fran\u00e7ais et Anglais)"},"content":{"rendered":"<p data-start=\"82\" data-end=\"323\">Chez <strong data-start=\"87\" data-end=\"109\">Ferrer Costa Grupo<\/strong>, nous continuons \u00e0 grandir et \u00e0 renforcer notre \u00e9quipe. Nous recherchons actuellement un(e) <strong data-start=\"202\" data-end=\"228\">Responsable Logistique<\/strong> avec un <strong data-start=\"237\" data-end=\"278\">niveau \u00e9lev\u00e9 de fran\u00e7ais et d\u2019anglais<\/strong> pour renforcer notre d\u00e9partement logistique.<\/p>\n<p data-start=\"325\" data-end=\"424\">Le poste peut \u00eatre bas\u00e9 dans nos installations de <strong data-start=\"375\" data-end=\"395\">Onda (Castell\u00f3n)<\/strong> ou <strong data-start=\"399\" data-end=\"423\">Pedreguer (Alicante)<\/strong>.<\/p>\n<p data-start=\"426\" data-end=\"632\">Nous recherchons une personne <strong data-start=\"456\" data-end=\"520\">dynamique, r\u00e9active, responsable et ayant un esprit d\u2019\u00e9quipe<\/strong>, capable de g\u00e9rer efficacement les op\u00e9rations logistiques et de r\u00e9agir rapidement en cas d\u2019\u00e9ventuels incidents.<\/p>\n<h2 data-section-id=\"exf59a\" data-start=\"634\" data-end=\"657\">Missions principales<\/h2>\n<p data-start=\"659\" data-end=\"763\">La personne s\u00e9lectionn\u00e9e sera charg\u00e9e de g\u00e9rer et de coordonner les op\u00e9rations de transport, notamment :<\/p>\n<ul data-start=\"765\" data-end=\"1066\">\n<li data-section-id=\"1h5lqc7\" data-start=\"765\" data-end=\"807\">\n<p data-start=\"767\" data-end=\"807\">Recherche de prestataires de transport<\/p>\n<\/li>\n<li data-section-id=\"1jrtoo9\" data-start=\"808\" data-end=\"846\">\n<p data-start=\"810\" data-end=\"846\">N\u00e9gociation des prix et des tarifs<\/p>\n<\/li>\n<li data-section-id=\"7m398k\" data-start=\"847\" data-end=\"900\">\n<p data-start=\"849\" data-end=\"900\">Organisation et contractualisation des transports<\/p>\n<\/li>\n<li data-section-id=\"1e5nq1x\" data-start=\"901\" data-end=\"949\">\n<p data-start=\"903\" data-end=\"949\">Suivi complet de chaque op\u00e9ration logistique<\/p>\n<\/li>\n<li data-section-id=\"1mr8vkp\" data-start=\"950\" data-end=\"1000\">\n<p data-start=\"952\" data-end=\"1000\">V\u00e9rification et validation de la documentation<\/p>\n<\/li>\n<li data-section-id=\"x3yfu8\" data-start=\"1001\" data-end=\"1028\">\n<p data-start=\"1003\" data-end=\"1028\">Validation des factures<\/p>\n<\/li>\n<li data-section-id=\"1hvpry9\" data-start=\"1029\" data-end=\"1066\">\n<p data-start=\"1031\" data-end=\"1066\">Gestion et r\u00e9solution des incidents<\/p>\n<\/li>\n<\/ul>\n<h2 data-section-id=\"aez1uq\" data-start=\"1068\" data-end=\"1087\">Profil recherch\u00e9<\/h2>\n<p data-start=\"1089\" data-end=\"1167\">Pour ce poste, nous recherchons une personne r\u00e9pondant aux crit\u00e8res suivants :<\/p>\n<ul data-start=\"1169\" data-end=\"1451\">\n<li data-section-id=\"10f0cv6\" data-start=\"1169\" data-end=\"1214\">\n<p data-start=\"1171\" data-end=\"1214\">Niveau \u00e9lev\u00e9 de <strong data-start=\"1187\" data-end=\"1212\">fran\u00e7ais et d\u2019anglais<\/strong><\/p>\n<\/li>\n<li data-section-id=\"xjjrv0\" data-start=\"1215\" data-end=\"1282\">\n<p data-start=\"1217\" data-end=\"1282\">Bonne ma\u00eetrise des <strong data-start=\"1236\" data-end=\"1280\">ERP, d\u2019Excel et des outils informatiques<\/strong><\/p>\n<\/li>\n<li data-section-id=\"4j6w2o\" data-start=\"1283\" data-end=\"1340\">\n<p data-start=\"1285\" data-end=\"1340\">Capacit\u00e9 d\u2019organisation et de r\u00e9solution de probl\u00e8mes<\/p>\n<\/li>\n<li data-section-id=\"gbq0zj\" data-start=\"1341\" data-end=\"1407\">\n<p data-start=\"1343\" data-end=\"1407\"><strong data-start=\"1343\" data-end=\"1405\">Engagement, sens des responsabilit\u00e9s et attitude proactive<\/strong><\/p>\n<\/li>\n<li data-section-id=\"2vr7lc\" data-start=\"1408\" data-end=\"1451\">\n<p data-start=\"1410\" data-end=\"1451\">Bonne capacit\u00e9 \u00e0 <strong data-start=\"1427\" data-end=\"1451\">travailler en \u00e9quipe<\/strong><\/p>\n<\/li>\n<\/ul>\n<p data-start=\"1453\" data-end=\"1658\">Chez <strong data-start=\"1458\" data-end=\"1480\">FERRER COSTA Grupo<\/strong>, nous recherchons des personnes qui souhaitent <strong data-start=\"1528\" data-end=\"1657\">apporter de la valeur, s\u2019impliquer dans le quotidien de l\u2019entreprise et \u00e9voluer dans un environnement professionnel dynamique<\/strong>.<\/p>\n<h2 data-section-id=\"11pymps\" data-start=\"1660\" data-end=\"1679\">Comment postuler<\/h2>\n<p data-start=\"1681\" data-end=\"1764\">Les personnes int\u00e9ress\u00e9es peuvent envoyer leur <strong data-start=\"1728\" data-end=\"1734\">CV<\/strong> \u00e0 l\u2019adresse e-mail suivante :<\/p>\n<p data-start=\"1766\" data-end=\"1794\"><strong data-start=\"1766\" data-end=\"1794\"><a class=\"decorated-link cursor-pointer\" rel=\"noopener\" data-start=\"1768\" data-end=\"1792\">ofertasempleo@ferrcos.es<\/a><\/strong><\/p>\n<p data-start=\"1796\" data-end=\"1870\" data-is-last-node=\"\" data-is-only-node=\"\">Merci de <strong data-start=\"1805\" data-end=\"1869\">s\u2019abstenir si vous ne remplissez pas les conditions requises<\/strong>.<\/p>\n","protected":false},"excerpt":{"rendered":"<p>Chez Ferrer Costa Grupo, nous continuons \u00e0 grandir et \u00e0 renforcer notre \u00e9quipe. Nous recherchons actuellement un(e) Responsable Logistique avec un niveau \u00e9lev\u00e9 de fran\u00e7ais et d\u2019anglais pour renforcer notre d\u00e9partement logistique. Le poste peut \u00eatre bas\u00e9 dans nos installations de Onda (Castell\u00f3n) ou Pedreguer (Alicante). Nous recherchons une personne dynamique, r\u00e9active, responsable et ayant [&hellip;]<\/p>\n","protected":false},"author":4,"featured_media":6772,"comment_status":"closed","ping_status":"closed","sticky":false,"template":"","format":"standard","meta":{"footnotes":""},"categories":[181,182],"tags":[],"class_list":["post-6803","post","type-post","status-publish","format-standard","has-post-thumbnail","hentry","category-empleo-fr","category-empresa-fr"],"_links":{"self":[{"href":"https:\/\/www.ferrcos.es\/fr\/wp-json\/wp\/v2\/posts\/6803","targetHints":{"allow":["GET"]}}],"collection":[{"href":"https:\/\/www.ferrcos.es\/fr\/wp-json\/wp\/v2\/posts"}],"about":[{"href":"https:\/\/www.ferrcos.es\/fr\/wp-json\/wp\/v2\/types\/post"}],"author":[{"embeddable":true,"href":"https:\/\/www.ferrcos.es\/fr\/wp-json\/wp\/v2\/users\/4"}],"replies":[{"embeddable":true,"href":"https:\/\/www.ferrcos.es\/fr\/wp-json\/wp\/v2\/comments?post=6803"}],"version-history":[{"count":1,"href":"https:\/\/www.ferrcos.es\/fr\/wp-json\/wp\/v2\/posts\/6803\/revisions"}],"predecessor-version":[{"id":6805,"href":"https:\/\/www.ferrcos.es\/fr\/wp-json\/wp\/v2\/posts\/6803\/revisions\/6805"}],"wp:featuredmedia":[{"embeddable":true,"href":"https:\/\/www.ferrcos.es\/fr\/wp-json\/wp\/v2\/media\/6772"}],"wp:attachment":[{"href":"https:\/\/www.ferrcos.es\/fr\/wp-json\/wp\/v2\/media?parent=6803"}],"wp:term":[{"taxonomy":"category","embeddable":true,"href":"https:\/\/www.ferrcos.es\/fr\/wp-json\/wp\/v2\/categories?post=6803"},{"taxonomy":"post_tag","embeddable":true,"href":"https:\/\/www.ferrcos.es\/fr\/wp-json\/wp\/v2\/tags?post=6803"}],"curies":[{"name":"wp","href":"https:\/\/api.w.org\/{rel}","templated":true}]}}