{"id":6751,"date":"2026-03-12T08:35:36","date_gmt":"2026-03-12T08:35:36","guid":{"rendered":"https:\/\/www.ferrcos.es\/?p=6751"},"modified":"2026-03-12T09:15:05","modified_gmt":"2026-03-12T09:15:05","slug":"milano-sublime-linspiration-milanaise-au-service-des-espaces-contemporains","status":"publish","type":"post","link":"https:\/\/www.ferrcos.es\/fr\/milano-sublime-linspiration-milanaise-au-service-des-espaces-contemporains\/","title":{"rendered":"Milano Sublime : l\u2019inspiration milanaise au service des espaces contemporains"},"content":{"rendered":"\t\t<div data-elementor-type=\"wp-post\" data-elementor-id=\"6751\" class=\"elementor elementor-6751 elementor-6697\" data-elementor-settings=\"{&quot;ha_cmc_init_switcher&quot;:&quot;no&quot;}\" data-elementor-post-type=\"post\">\n\t\t\t\t<div class=\"elementor-element elementor-element-1be5d6e3 e-flex e-con-boxed e-con e-parent\" data-id=\"1be5d6e3\" data-element_type=\"container\" data-e-type=\"container\" data-settings=\"{&quot;_ha_eqh_enable&quot;:false}\">\n\t\t\t\t\t<div class=\"e-con-inner\">\n\t\t\t\t<div class=\"elementor-element elementor-element-4c6addd1 elementor-widget elementor-widget-text-editor\" data-id=\"4c6addd1\" data-element_type=\"widget\" data-e-type=\"widget\" data-widget_type=\"text-editor.default\">\n\t\t\t\t\t\t\t\t\t<p data-start=\"83\" data-end=\"489\">La collection Milano Sublime de <span class=\"hover:entity-accent entity-underline inline cursor-pointer align-baseline\"><span class=\"whitespace-normal\">Coem<\/span><\/span> s\u2019inspire de l\u2019essence esth\u00e9tique de Milan, une ville reconnue dans le monde entier pour son influence dans les domaines de l\u2019architecture, du design et de la culture contemporaine. Ce rev\u00eatement c\u00e9ramique traduit cet esprit urbain sophistiqu\u00e9 \u00e0 travers des surfaces \u00e9l\u00e9gantes et \u00e9quilibr\u00e9es, pens\u00e9es pour l\u2019architecture int\u00e9rieure.<\/p><p data-start=\"491\" data-end=\"859\">Milan est synonyme de raffinement et d\u2019une mani\u00e8re particuli\u00e8re de concevoir les espaces : sobres, lumineux et soigneusement compos\u00e9s. \u00c0 partir de cette inspiration, Milano Sublime propose une interpr\u00e9tation c\u00e9ramique qui associe esth\u00e9tique contemporaine et sensibilit\u00e9 architecturale, cr\u00e9ant des surfaces capables de s\u2019int\u00e9grer naturellement dans des projets actuels.<\/p><p data-start=\"861\" data-end=\"1199\">La collection se distingue par des textures subtiles et une palette de couleurs douces, con\u00e7ues pour cr\u00e9er des atmosph\u00e8res sereines et sophistiqu\u00e9es. Les murs acqui\u00e8rent une pr\u00e9sence particuli\u00e8re gr\u00e2ce \u00e0 un langage visuel qui apporte profondeur et continuit\u00e9, permettant de concevoir des espaces \u00e9l\u00e9gants sans \u00e9l\u00e9ments trop dominants.<\/p><p data-start=\"1201\" data-end=\"1513\">Pens\u00e9e principalement comme rev\u00eatement mural, Milano Sublime devient un v\u00e9ritable outil de cr\u00e9ation pour les architectes et les designers d\u2019int\u00e9rieur souhaitant apporter \u00e9quilibre et modernit\u00e9 aux espaces. Son esth\u00e9tique s\u2019adapte aussi bien aux int\u00e9rieurs r\u00e9sidentiels qu\u2019aux projets commerciaux ou contract.<\/p><p data-start=\"1515\" data-end=\"1807\">Au-del\u00e0 de son aspect esth\u00e9tique, la collection conserve les qualit\u00e9s techniques propres aux mat\u00e9riaux c\u00e9ramiques de haute qualit\u00e9 : r\u00e9sistance, durabilit\u00e9 et facilit\u00e9 d\u2019entretien. Ces caract\u00e9ristiques permettent au rev\u00eatement d\u2019allier design, fonctionnalit\u00e9 et performance dans le temps.<\/p><p data-start=\"1809\" data-end=\"2055\" data-is-last-node=\"\" data-is-only-node=\"\">Milano Sublime incarne ainsi une mani\u00e8re d\u2019int\u00e9grer l\u2019esprit du design italien dans l\u2019architecture int\u00e9rieure, en proposant des surfaces qui dialoguent avec la lumi\u00e8re, l\u2019espace et la mati\u00e8re pour cr\u00e9er des environnements \u00e9l\u00e9gants et intemporels.<\/p>\t\t\t\t\t\t\t\t<\/div>\n\t\t\t\t\t<\/div>\n\t\t\t\t<\/div>\n\t\t<div class=\"elementor-element elementor-element-9a4fe79 e-flex e-con-boxed e-con e-parent\" data-id=\"9a4fe79\" data-element_type=\"container\" data-e-type=\"container\" data-settings=\"{&quot;_ha_eqh_enable&quot;:false}\">\n\t\t\t\t\t<div class=\"e-con-inner\">\n\t\t\t\t<div class=\"elementor-element elementor-element-4676568 elementor-widget elementor-widget-gallery\" data-id=\"4676568\" data-element_type=\"widget\" data-e-type=\"widget\" data-settings=\"{&quot;lazyload&quot;:&quot;yes&quot;,&quot;gallery_layout&quot;:&quot;grid&quot;,&quot;columns&quot;:4,&quot;columns_tablet&quot;:2,&quot;columns_mobile&quot;:1,&quot;gap&quot;:{&quot;unit&quot;:&quot;px&quot;,&quot;size&quot;:10,&quot;sizes&quot;:[]},&quot;gap_tablet&quot;:{&quot;unit&quot;:&quot;px&quot;,&quot;size&quot;:10,&quot;sizes&quot;:[]},&quot;gap_mobile&quot;:{&quot;unit&quot;:&quot;px&quot;,&quot;size&quot;:10,&quot;sizes&quot;:[]},&quot;link_to&quot;:&quot;file&quot;,&quot;aspect_ratio&quot;:&quot;3:2&quot;,&quot;overlay_background&quot;:&quot;yes&quot;,&quot;content_hover_animation&quot;:&quot;fade-in&quot;}\" data-widget_type=\"gallery.default\">\n\t\t\t\t\t\t\t<div class=\"elementor-gallery__container\">\n\t\t\t\t\t\t\t<a class=\"e-gallery-item elementor-gallery-item elementor-animated-content\" href=\"https:\/\/www.ferrcos.es\/wp-content\/uploads\/2026\/03\/Captura-de-pantalla-2026-03-12-a-las-9.25.58.png\" data-elementor-open-lightbox=\"yes\" data-elementor-lightbox-slideshow=\"4676568\" data-elementor-lightbox-title=\"Captura de pantalla 2026-03-12 a las 9.25.58\" data-e-action-hash=\"#elementor-action%3Aaction%3Dlightbox%26settings%3DeyJpZCI6NjcwMSwidXJsIjoiaHR0cHM6XC9cL3d3dy5mZXJyY29zLmVzXC93cC1jb250ZW50XC91cGxvYWRzXC8yMDI2XC8wM1wvQ2FwdHVyYS1kZS1wYW50YWxsYS0yMDI2LTAzLTEyLWEtbGFzLTkuMjUuNTgucG5nIiwic2xpZGVzaG93IjoiNDY3NjU2OCJ9\">\n\t\t\t\t\t<div class=\"e-gallery-image elementor-gallery-item__image\" data-thumbnail=\"https:\/\/www.ferrcos.es\/wp-content\/uploads\/2026\/03\/Captura-de-pantalla-2026-03-12-a-las-9.25.58-300x207.png\" data-width=\"300\" data-height=\"207\" aria-label=\"\" role=\"img\" ><\/div>\n\t\t\t\t\t\t\t\t\t\t\t<div class=\"elementor-gallery-item__overlay\"><\/div>\n\t\t\t\t\t\t\t\t\t\t\t\t\t\t<\/a>\n\t\t\t\t\t\t\t<a class=\"e-gallery-item elementor-gallery-item elementor-animated-content\" href=\"https:\/\/www.ferrcos.es\/wp-content\/uploads\/2026\/03\/Captura-de-pantalla-2026-03-12-a-las-9.26.23.png\" data-elementor-open-lightbox=\"yes\" data-elementor-lightbox-slideshow=\"4676568\" data-elementor-lightbox-title=\"Captura de pantalla 2026-03-12 a las 9.26.23\" data-e-action-hash=\"#elementor-action%3Aaction%3Dlightbox%26settings%3DeyJpZCI6NjcwNywidXJsIjoiaHR0cHM6XC9cL3d3dy5mZXJyY29zLmVzXC93cC1jb250ZW50XC91cGxvYWRzXC8yMDI2XC8wM1wvQ2FwdHVyYS1kZS1wYW50YWxsYS0yMDI2LTAzLTEyLWEtbGFzLTkuMjYuMjMucG5nIiwic2xpZGVzaG93IjoiNDY3NjU2OCJ9\">\n\t\t\t\t\t<div class=\"e-gallery-image elementor-gallery-item__image\" data-thumbnail=\"https:\/\/www.ferrcos.es\/wp-content\/uploads\/2026\/03\/Captura-de-pantalla-2026-03-12-a-las-9.26.23-226x300.png\" data-width=\"226\" data-height=\"300\" aria-label=\"\" role=\"img\" ><\/div>\n\t\t\t\t\t\t\t\t\t\t\t<div class=\"elementor-gallery-item__overlay\"><\/div>\n\t\t\t\t\t\t\t\t\t\t\t\t\t\t<\/a>\n\t\t\t\t\t\t\t<a class=\"e-gallery-item elementor-gallery-item elementor-animated-content\" href=\"https:\/\/www.ferrcos.es\/wp-content\/uploads\/2026\/03\/Captura-de-pantalla-2026-03-12-a-las-9.27.14.png\" data-elementor-open-lightbox=\"yes\" data-elementor-lightbox-slideshow=\"4676568\" data-elementor-lightbox-title=\"Captura de pantalla 2026-03-12 a las 9.27.14\" data-e-action-hash=\"#elementor-action%3Aaction%3Dlightbox%26settings%3DeyJpZCI6NjcxMywidXJsIjoiaHR0cHM6XC9cL3d3dy5mZXJyY29zLmVzXC93cC1jb250ZW50XC91cGxvYWRzXC8yMDI2XC8wM1wvQ2FwdHVyYS1kZS1wYW50YWxsYS0yMDI2LTAzLTEyLWEtbGFzLTkuMjcuMTQucG5nIiwic2xpZGVzaG93IjoiNDY3NjU2OCJ9\">\n\t\t\t\t\t<div class=\"e-gallery-image elementor-gallery-item__image\" data-thumbnail=\"https:\/\/www.ferrcos.es\/wp-content\/uploads\/2026\/03\/Captura-de-pantalla-2026-03-12-a-las-9.27.14-244x300.png\" data-width=\"244\" data-height=\"300\" aria-label=\"\" role=\"img\" ><\/div>\n\t\t\t\t\t\t\t\t\t\t\t<div class=\"elementor-gallery-item__overlay\"><\/div>\n\t\t\t\t\t\t\t\t\t\t\t\t\t\t<\/a>\n\t\t\t\t\t\t\t<a class=\"e-gallery-item elementor-gallery-item elementor-animated-content\" href=\"https:\/\/www.ferrcos.es\/wp-content\/uploads\/2026\/03\/Pavimenti-gres-effetto-marmo_Ceramiche-Coem_Milano-Sublime_Puro-75x1497-2-724x1024-1.jpg\" data-elementor-open-lightbox=\"yes\" data-elementor-lightbox-slideshow=\"4676568\" data-elementor-lightbox-title=\"Pavimenti-gres-effetto-marmo_Ceramiche-Coem_Milano-Sublime_Puro-75x1497-2-724x1024\" data-e-action-hash=\"#elementor-action%3Aaction%3Dlightbox%26settings%3DeyJpZCI6NjcyOCwidXJsIjoiaHR0cHM6XC9cL3d3dy5mZXJyY29zLmVzXC93cC1jb250ZW50XC91cGxvYWRzXC8yMDI2XC8wM1wvUGF2aW1lbnRpLWdyZXMtZWZmZXR0by1tYXJtb19DZXJhbWljaGUtQ29lbV9NaWxhbm8tU3VibGltZV9QdXJvLTc1eDE0OTctMi03MjR4MTAyNC0xLmpwZyIsInNsaWRlc2hvdyI6IjQ2NzY1NjgifQ%3D%3D\">\n\t\t\t\t\t<div class=\"e-gallery-image elementor-gallery-item__image\" data-thumbnail=\"https:\/\/www.ferrcos.es\/wp-content\/uploads\/2026\/03\/Pavimenti-gres-effetto-marmo_Ceramiche-Coem_Milano-Sublime_Puro-75x1497-2-724x1024-1-212x300.jpg\" data-width=\"212\" data-height=\"300\" aria-label=\"\" role=\"img\" ><\/div>\n\t\t\t\t\t\t\t\t\t\t\t<div class=\"elementor-gallery-item__overlay\"><\/div>\n\t\t\t\t\t\t\t\t\t\t\t\t\t\t<\/a>\n\t\t\t\t\t\t\t<a class=\"e-gallery-item elementor-gallery-item elementor-animated-content\" href=\"https:\/\/www.ferrcos.es\/wp-content\/uploads\/2026\/03\/Rivestimento-bagno-piastrelle_Ceramiche-Coem_Milano-Sublime-Puro-1024x724-1.jpg\" data-elementor-open-lightbox=\"yes\" data-elementor-lightbox-slideshow=\"4676568\" data-elementor-lightbox-title=\"Rivestimento-bagno-piastrelle_Ceramiche-Coem_Milano-Sublime-Puro-1024x724\" data-e-action-hash=\"#elementor-action%3Aaction%3Dlightbox%26settings%3DeyJpZCI6NjczMSwidXJsIjoiaHR0cHM6XC9cL3d3dy5mZXJyY29zLmVzXC93cC1jb250ZW50XC91cGxvYWRzXC8yMDI2XC8wM1wvUml2ZXN0aW1lbnRvLWJhZ25vLXBpYXN0cmVsbGVfQ2VyYW1pY2hlLUNvZW1fTWlsYW5vLVN1YmxpbWUtUHVyby0xMDI0eDcyNC0xLmpwZyIsInNsaWRlc2hvdyI6IjQ2NzY1NjgifQ%3D%3D\">\n\t\t\t\t\t<div class=\"e-gallery-image elementor-gallery-item__image\" data-thumbnail=\"https:\/\/www.ferrcos.es\/wp-content\/uploads\/2026\/03\/Rivestimento-bagno-piastrelle_Ceramiche-Coem_Milano-Sublime-Puro-1024x724-1-300x212.jpg\" data-width=\"300\" data-height=\"212\" aria-label=\"\" role=\"img\" ><\/div>\n\t\t\t\t\t\t\t\t\t\t\t<div class=\"elementor-gallery-item__overlay\"><\/div>\n\t\t\t\t\t\t\t\t\t\t\t\t\t\t<\/a>\n\t\t\t\t\t\t\t<a class=\"e-gallery-item elementor-gallery-item elementor-animated-content\" href=\"https:\/\/www.ferrcos.es\/wp-content\/uploads\/2026\/03\/Ceramiche-Coem_Milano-Sublime_Puro-75x1497_gres-porcellanato-pavimento-724x1024-1.jpg\" data-elementor-open-lightbox=\"yes\" data-elementor-lightbox-slideshow=\"4676568\" data-elementor-lightbox-title=\"Ceramiche-Coem_Milano-Sublime_Puro-75x1497_gres-porcellanato-pavimento-724x1024\" data-e-action-hash=\"#elementor-action%3Aaction%3Dlightbox%26settings%3DeyJpZCI6NjcyMiwidXJsIjoiaHR0cHM6XC9cL3d3dy5mZXJyY29zLmVzXC93cC1jb250ZW50XC91cGxvYWRzXC8yMDI2XC8wM1wvQ2VyYW1pY2hlLUNvZW1fTWlsYW5vLVN1YmxpbWVfUHVyby03NXgxNDk3X2dyZXMtcG9yY2VsbGFuYXRvLXBhdmltZW50by03MjR4MTAyNC0xLmpwZyIsInNsaWRlc2hvdyI6IjQ2NzY1NjgifQ%3D%3D\">\n\t\t\t\t\t<div class=\"e-gallery-image elementor-gallery-item__image\" data-thumbnail=\"https:\/\/www.ferrcos.es\/wp-content\/uploads\/2026\/03\/Ceramiche-Coem_Milano-Sublime_Puro-75x1497_gres-porcellanato-pavimento-724x1024-1-212x300.jpg\" data-width=\"212\" data-height=\"300\" aria-label=\"\" role=\"img\" ><\/div>\n\t\t\t\t\t\t\t\t\t\t\t<div class=\"elementor-gallery-item__overlay\"><\/div>\n\t\t\t\t\t\t\t\t\t\t\t\t\t\t<\/a>\n\t\t\t\t\t\t\t<a class=\"e-gallery-item elementor-gallery-item elementor-animated-content\" href=\"https:\/\/www.ferrcos.es\/wp-content\/uploads\/2026\/03\/Captura-de-pantalla-2026-03-12-a-las-9.26.54.png\" data-elementor-open-lightbox=\"yes\" data-elementor-lightbox-slideshow=\"4676568\" data-elementor-lightbox-title=\"Captura de pantalla 2026-03-12 a las 9.26.54\" data-e-action-hash=\"#elementor-action%3Aaction%3Dlightbox%26settings%3DeyJpZCI6NjY5OCwidXJsIjoiaHR0cHM6XC9cL3d3dy5mZXJyY29zLmVzXC93cC1jb250ZW50XC91cGxvYWRzXC8yMDI2XC8wM1wvQ2FwdHVyYS1kZS1wYW50YWxsYS0yMDI2LTAzLTEyLWEtbGFzLTkuMjYuNTQucG5nIiwic2xpZGVzaG93IjoiNDY3NjU2OCJ9\">\n\t\t\t\t\t<div class=\"e-gallery-image elementor-gallery-item__image\" data-thumbnail=\"https:\/\/www.ferrcos.es\/wp-content\/uploads\/2026\/03\/Captura-de-pantalla-2026-03-12-a-las-9.26.54-300x207.png\" data-width=\"300\" data-height=\"207\" aria-label=\"\" role=\"img\" ><\/div>\n\t\t\t\t\t\t\t\t\t\t\t<div class=\"elementor-gallery-item__overlay\"><\/div>\n\t\t\t\t\t\t\t\t\t\t\t\t\t\t<\/a>\n\t\t\t\t\t\t\t<a class=\"e-gallery-item elementor-gallery-item elementor-animated-content\" href=\"https:\/\/www.ferrcos.es\/wp-content\/uploads\/2026\/03\/Ceramiche-Coem_Milano-Sublime_Puro-604x604-302x604_piastrella-gres-effetto-marmo-724x1024-1.jpg\" data-elementor-open-lightbox=\"yes\" data-elementor-lightbox-slideshow=\"4676568\" data-elementor-lightbox-title=\"Ceramiche-Coem_Milano-Sublime_Puro-604x604-302x604_piastrella-gres-effetto-marmo-724x1024\" data-e-action-hash=\"#elementor-action%3Aaction%3Dlightbox%26settings%3DeyJpZCI6NjcyNSwidXJsIjoiaHR0cHM6XC9cL3d3dy5mZXJyY29zLmVzXC93cC1jb250ZW50XC91cGxvYWRzXC8yMDI2XC8wM1wvQ2VyYW1pY2hlLUNvZW1fTWlsYW5vLVN1YmxpbWVfUHVyby02MDR4NjA0LTMwMng2MDRfcGlhc3RyZWxsYS1ncmVzLWVmZmV0dG8tbWFybW8tNzI0eDEwMjQtMS5qcGciLCJzbGlkZXNob3ciOiI0Njc2NTY4In0%3D\">\n\t\t\t\t\t<div class=\"e-gallery-image elementor-gallery-item__image\" data-thumbnail=\"https:\/\/www.ferrcos.es\/wp-content\/uploads\/2026\/03\/Ceramiche-Coem_Milano-Sublime_Puro-604x604-302x604_piastrella-gres-effetto-marmo-724x1024-1-212x300.jpg\" data-width=\"212\" data-height=\"300\" aria-label=\"\" role=\"img\" ><\/div>\n\t\t\t\t\t\t\t\t\t\t\t<div class=\"elementor-gallery-item__overlay\"><\/div>\n\t\t\t\t\t\t\t\t\t\t\t\t\t\t<\/a>\n\t\t\t\t\t<\/div>\n\t\t\t\t\t<\/div>\n\t\t\t\t\t<\/div>\n\t\t\t\t<\/div>\n\t\t<div class=\"elementor-element elementor-element-edb5614 e-flex e-con-boxed e-con e-parent\" data-id=\"edb5614\" data-element_type=\"container\" data-e-type=\"container\" data-settings=\"{&quot;_ha_eqh_enable&quot;:false}\">\n\t\t\t\t\t<div class=\"e-con-inner\">\n\t\t\t\t\t<\/div>\n\t\t\t\t<\/div>\n\t\t\t\t<\/div>\n\t\t","protected":false},"excerpt":{"rendered":"<p>La collection Milano Sublime de Coem s\u2019inspire de l\u2019essence esth\u00e9tique de Milan, une ville reconnue dans le monde entier pour son influence dans les domaines de l\u2019architecture, du design et de la culture contemporaine. Ce rev\u00eatement c\u00e9ramique traduit cet esprit urbain sophistiqu\u00e9 \u00e0 travers des surfaces \u00e9l\u00e9gantes et \u00e9quilibr\u00e9es, pens\u00e9es pour l\u2019architecture int\u00e9rieure. Milan est [&hellip;]<\/p>\n","protected":false},"author":4,"featured_media":6712,"comment_status":"closed","ping_status":"closed","sticky":false,"template":"","format":"standard","meta":{"footnotes":""},"categories":[125,82],"tags":[],"class_list":["post-6751","post","type-post","status-publish","format-standard","has-post-thumbnail","hentry","category-nuevas-coleccciones-ceramica-fr","category-productos-fr"],"_links":{"self":[{"href":"https:\/\/www.ferrcos.es\/fr\/wp-json\/wp\/v2\/posts\/6751","targetHints":{"allow":["GET"]}}],"collection":[{"href":"https:\/\/www.ferrcos.es\/fr\/wp-json\/wp\/v2\/posts"}],"about":[{"href":"https:\/\/www.ferrcos.es\/fr\/wp-json\/wp\/v2\/types\/post"}],"author":[{"embeddable":true,"href":"https:\/\/www.ferrcos.es\/fr\/wp-json\/wp\/v2\/users\/4"}],"replies":[{"embeddable":true,"href":"https:\/\/www.ferrcos.es\/fr\/wp-json\/wp\/v2\/comments?post=6751"}],"version-history":[{"count":4,"href":"https:\/\/www.ferrcos.es\/fr\/wp-json\/wp\/v2\/posts\/6751\/revisions"}],"predecessor-version":[{"id":6758,"href":"https:\/\/www.ferrcos.es\/fr\/wp-json\/wp\/v2\/posts\/6751\/revisions\/6758"}],"wp:featuredmedia":[{"embeddable":true,"href":"https:\/\/www.ferrcos.es\/fr\/wp-json\/wp\/v2\/media\/6712"}],"wp:attachment":[{"href":"https:\/\/www.ferrcos.es\/fr\/wp-json\/wp\/v2\/media?parent=6751"}],"wp:term":[{"taxonomy":"category","embeddable":true,"href":"https:\/\/www.ferrcos.es\/fr\/wp-json\/wp\/v2\/categories?post=6751"},{"taxonomy":"post_tag","embeddable":true,"href":"https:\/\/www.ferrcos.es\/fr\/wp-json\/wp\/v2\/tags?post=6751"}],"curies":[{"name":"wp","href":"https:\/\/api.w.org\/{rel}","templated":true}]}}