{"id":6504,"date":"2026-03-03T12:18:04","date_gmt":"2026-03-03T12:18:04","guid":{"rendered":"https:\/\/www.ferrcos.es\/aurore-de-vincent-van-duysen-textura-sutil-y-arquitectura-silenciosa\/"},"modified":"2026-03-03T12:31:26","modified_gmt":"2026-03-03T12:31:26","slug":"aurore-de-vincent-van-duysen-textura-sutil-y-arquitectura-silenciosa","status":"publish","type":"post","link":"https:\/\/www.ferrcos.es\/fr\/aurore-de-vincent-van-duysen-textura-sutil-y-arquitectura-silenciosa\/","title":{"rendered":"Aurore par Vincent Van Duysen : texture subtile et architecture silencieuse"},"content":{"rendered":"\t\t<div data-elementor-type=\"wp-post\" data-elementor-id=\"6504\" class=\"elementor elementor-6504 elementor-6466\" data-elementor-settings=\"{&quot;ha_cmc_init_switcher&quot;:&quot;no&quot;}\" data-elementor-post-type=\"post\">\n\t\t\t\t<div class=\"elementor-element elementor-element-5493efb2 e-flex e-con-boxed e-con e-parent\" data-id=\"5493efb2\" data-element_type=\"container\" data-e-type=\"container\" data-settings=\"{&quot;_ha_eqh_enable&quot;:false}\">\n\t\t\t\t\t<div class=\"e-con-inner\">\n\t\t\t\t<div class=\"elementor-element elementor-element-43bbdc2d elementor-widget elementor-widget-text-editor\" data-id=\"43bbdc2d\" data-element_type=\"widget\" data-e-type=\"widget\" data-widget_type=\"text-editor.default\">\n\t\t\t\t\t\t\t\t\t<p data-start=\"143\" data-end=\"530\">La collection Aurore de <span class=\"hover:entity-accent entity-underline inline cursor-pointer align-baseline\"><span class=\"whitespace-normal\">Mutina<\/span><\/span> propose une approche singuli\u00e8re de la surface c\u00e9ramique contemporaine, plus introspective et profond\u00e9ment ancr\u00e9e dans une r\u00e9flexion architecturale. Con\u00e7ue par Vincent Van Duysen, Aurore ne cherche pas l\u2019effet imm\u00e9diat, mais d\u00e9veloppe une pr\u00e9sence \u00e9quilibr\u00e9e qui se r\u00e9v\u00e8le progressivement \u00e0 travers la lumi\u00e8re et la proximit\u00e9.<\/p><p data-start=\"532\" data-end=\"959\">Dans cette collection, la surface devient un terrain d\u2019exploration subtile o\u00f9 de l\u00e9g\u00e8res variations cr\u00e9ent une v\u00e9ritable richesse visuelle. La texture n\u2019est pas ostentatoire ; elle se d\u00e9voile avec d\u00e9licatesse, apportant profondeur et dimension tactile. Cette qualit\u00e9 fait d\u2019Aurore une solution id\u00e9ale pour des projets d\u2019architecture et de design int\u00e9rieur privil\u00e9giant la sobri\u00e9t\u00e9, la coh\u00e9rence et l\u2019authenticit\u00e9 des mat\u00e9riaux.<\/p><p data-start=\"961\" data-end=\"1342\">Le langage architectural de Vincent Van Duysen repose sur la r\u00e9duction formelle et l\u2019usage sinc\u00e8re de la mati\u00e8re. Dans Aurore, cette philosophie se traduit par un syst\u00e8me c\u00e9ramique bas\u00e9 sur une r\u00e9p\u00e9tition ma\u00eetris\u00e9e et une g\u00e9om\u00e9trie essentielle. Les compositions permettent de cr\u00e9er des parois continues et \u00e9pur\u00e9es, o\u00f9 chaque \u00e9l\u00e9ment s\u2019int\u00e8gre dans un ensemble pr\u00e9cis et harmonieux.<\/p><p data-start=\"1344\" data-end=\"1699\">Aurore se distingue \u00e9galement par l\u2019\u00e9quilibre entre performance technique et sensibilit\u00e9 esth\u00e9tique. La collection offre r\u00e9sistance et durabilit\u00e9, la rendant adapt\u00e9e aussi bien aux espaces r\u00e9sidentiels qu\u2019aux environnements contract exigeants. La pr\u00e9cision de fabrication garantit une continuit\u00e9 visuelle et une stabilit\u00e9 optimale sur de grandes surfaces.<\/p><p data-start=\"1701\" data-end=\"1999\">La palette chromatique, compos\u00e9e de tons neutres aux nuances d\u00e9licates, dialogue naturellement avec des mat\u00e9riaux tels que le b\u00e9ton, le bois naturel ou la pierre. Cette polyvalence facilite son int\u00e9gration dans des projets contemporains recherchant une esth\u00e9tique intemporelle, \u00e9l\u00e9gante et sereine.<\/p><p data-start=\"2001\" data-end=\"2346\" data-is-last-node=\"\" data-is-only-node=\"\">Chez Ferrcos, nous consid\u00e9rons la collection Aurore de Mutina comme un v\u00e9ritable outil architectural. Nous accompagnons architectes et designers dans le choix des implantations et des solutions adapt\u00e9es afin de renforcer la relation entre lumi\u00e8re, texture et espace, en faisant de la c\u00e9ramique un \u00e9l\u00e9ment structurant du concept global du projet.<\/p>\t\t\t\t\t\t\t\t<\/div>\n\t\t\t\t\t<\/div>\n\t\t\t\t<\/div>\n\t\t<div class=\"elementor-element elementor-element-34dbed5 e-flex e-con-boxed e-con e-parent\" data-id=\"34dbed5\" data-element_type=\"container\" data-e-type=\"container\" data-settings=\"{&quot;_ha_eqh_enable&quot;:false}\">\n\t\t\t\t\t<div class=\"e-con-inner\">\n\t\t\t\t<div class=\"elementor-element elementor-element-3bb2d9b elementor-widget elementor-widget-gallery\" data-id=\"3bb2d9b\" data-element_type=\"widget\" data-e-type=\"widget\" data-settings=\"{&quot;lazyload&quot;:&quot;yes&quot;,&quot;gallery_layout&quot;:&quot;grid&quot;,&quot;columns&quot;:4,&quot;columns_tablet&quot;:2,&quot;columns_mobile&quot;:1,&quot;gap&quot;:{&quot;unit&quot;:&quot;px&quot;,&quot;size&quot;:10,&quot;sizes&quot;:[]},&quot;gap_tablet&quot;:{&quot;unit&quot;:&quot;px&quot;,&quot;size&quot;:10,&quot;sizes&quot;:[]},&quot;gap_mobile&quot;:{&quot;unit&quot;:&quot;px&quot;,&quot;size&quot;:10,&quot;sizes&quot;:[]},&quot;link_to&quot;:&quot;file&quot;,&quot;aspect_ratio&quot;:&quot;3:2&quot;,&quot;overlay_background&quot;:&quot;yes&quot;,&quot;content_hover_animation&quot;:&quot;fade-in&quot;}\" data-widget_type=\"gallery.default\">\n\t\t\t\t\t\t\t<div class=\"elementor-gallery__container\">\n\t\t\t\t\t\t\t<a class=\"e-gallery-item elementor-gallery-item elementor-animated-content\" href=\"https:\/\/www.ferrcos.es\/wp-content\/uploads\/2026\/03\/14901_z_20032025_MUTINA_AURORE_QUADRETTI_03_351_2640-scaled.jpg\" data-elementor-open-lightbox=\"yes\" data-elementor-lightbox-slideshow=\"3bb2d9b\" data-elementor-lightbox-title=\"14901_z_20032025_MUTINA_AURORE_QUADRETTI_03_351_2640\" data-e-action-hash=\"#elementor-action%3Aaction%3Dlightbox%26settings%3DeyJpZCI6NjQ3MiwidXJsIjoiaHR0cHM6XC9cL3d3dy5mZXJyY29zLmVzXC93cC1jb250ZW50XC91cGxvYWRzXC8yMDI2XC8wM1wvMTQ5MDFfel8yMDAzMjAyNV9NVVRJTkFfQVVST1JFX1FVQURSRVRUSV8wM18zNTFfMjY0MC1zY2FsZWQuanBnIiwic2xpZGVzaG93IjoiM2JiMmQ5YiJ9\">\n\t\t\t\t\t<div class=\"e-gallery-image elementor-gallery-item__image\" data-thumbnail=\"https:\/\/www.ferrcos.es\/wp-content\/uploads\/2026\/03\/14901_z_20032025_MUTINA_AURORE_QUADRETTI_03_351_2640-300x188.jpg\" data-width=\"300\" data-height=\"188\" aria-label=\"\" role=\"img\" ><\/div>\n\t\t\t\t\t\t\t\t\t\t\t<div class=\"elementor-gallery-item__overlay\"><\/div>\n\t\t\t\t\t\t\t\t\t\t\t\t\t\t<\/a>\n\t\t\t\t\t\t\t<a class=\"e-gallery-item elementor-gallery-item elementor-animated-content\" href=\"https:\/\/www.ferrcos.es\/wp-content\/uploads\/2026\/03\/14437_z_20032025_MUTINA_AURORE_GRIGIA_02_333_2640-scaled.jpg\" data-elementor-open-lightbox=\"yes\" data-elementor-lightbox-slideshow=\"3bb2d9b\" data-elementor-lightbox-title=\"14437_z_20032025_MUTINA_AURORE_GRIGIA_02_333_2640\" data-e-action-hash=\"#elementor-action%3Aaction%3Dlightbox%26settings%3DeyJpZCI6NjQ3NSwidXJsIjoiaHR0cHM6XC9cL3d3dy5mZXJyY29zLmVzXC93cC1jb250ZW50XC91cGxvYWRzXC8yMDI2XC8wM1wvMTQ0Mzdfel8yMDAzMjAyNV9NVVRJTkFfQVVST1JFX0dSSUdJQV8wMl8zMzNfMjY0MC1zY2FsZWQuanBnIiwic2xpZGVzaG93IjoiM2JiMmQ5YiJ9\">\n\t\t\t\t\t<div class=\"e-gallery-image elementor-gallery-item__image\" data-thumbnail=\"https:\/\/www.ferrcos.es\/wp-content\/uploads\/2026\/03\/14437_z_20032025_MUTINA_AURORE_GRIGIA_02_333_2640-236x300.jpg\" data-width=\"236\" data-height=\"300\" aria-label=\"\" role=\"img\" ><\/div>\n\t\t\t\t\t\t\t\t\t\t\t<div class=\"elementor-gallery-item__overlay\"><\/div>\n\t\t\t\t\t\t\t\t\t\t\t\t\t\t<\/a>\n\t\t\t\t\t\t\t<a class=\"e-gallery-item elementor-gallery-item elementor-animated-content\" href=\"https:\/\/www.ferrcos.es\/wp-content\/uploads\/2026\/03\/14902_z_20032025_MUTINA_AURORE_RETTANGOLINI_02_363_2640-scaled.jpg\" data-elementor-open-lightbox=\"yes\" data-elementor-lightbox-slideshow=\"3bb2d9b\" data-elementor-lightbox-title=\"14902_z_20032025_MUTINA_AURORE_RETTANGOLINI_02_363_2640\" data-e-action-hash=\"#elementor-action%3Aaction%3Dlightbox%26settings%3DeyJpZCI6NjQ3OCwidXJsIjoiaHR0cHM6XC9cL3d3dy5mZXJyY29zLmVzXC93cC1jb250ZW50XC91cGxvYWRzXC8yMDI2XC8wM1wvMTQ5MDJfel8yMDAzMjAyNV9NVVRJTkFfQVVST1JFX1JFVFRBTkdPTElOSV8wMl8zNjNfMjY0MC1zY2FsZWQuanBnIiwic2xpZGVzaG93IjoiM2JiMmQ5YiJ9\">\n\t\t\t\t\t<div class=\"e-gallery-image elementor-gallery-item__image\" data-thumbnail=\"https:\/\/www.ferrcos.es\/wp-content\/uploads\/2026\/03\/14902_z_20032025_MUTINA_AURORE_RETTANGOLINI_02_363_2640-300x188.jpg\" data-width=\"300\" data-height=\"188\" aria-label=\"\" role=\"img\" ><\/div>\n\t\t\t\t\t\t\t\t\t\t\t<div class=\"elementor-gallery-item__overlay\"><\/div>\n\t\t\t\t\t\t\t\t\t\t\t\t\t\t<\/a>\n\t\t\t\t\t\t\t<a class=\"e-gallery-item elementor-gallery-item elementor-animated-content\" href=\"https:\/\/www.ferrcos.es\/wp-content\/uploads\/2026\/03\/14900_z_20032025_MUTINA_AURORE_OVERVIEW_259_2640-scaled.jpg\" data-elementor-open-lightbox=\"yes\" data-elementor-lightbox-slideshow=\"3bb2d9b\" data-elementor-lightbox-title=\"14900_z_20032025_MUTINA_AURORE_OVERVIEW_259_2640\" data-e-action-hash=\"#elementor-action%3Aaction%3Dlightbox%26settings%3DeyJpZCI6NjQ4MiwidXJsIjoiaHR0cHM6XC9cL3d3dy5mZXJyY29zLmVzXC93cC1jb250ZW50XC91cGxvYWRzXC8yMDI2XC8wM1wvMTQ5MDBfel8yMDAzMjAyNV9NVVRJTkFfQVVST1JFX09WRVJWSUVXXzI1OV8yNjQwLXNjYWxlZC5qcGciLCJzbGlkZXNob3ciOiIzYmIyZDliIn0%3D\">\n\t\t\t\t\t<div class=\"e-gallery-image elementor-gallery-item__image\" data-thumbnail=\"https:\/\/www.ferrcos.es\/wp-content\/uploads\/2026\/03\/14900_z_20032025_MUTINA_AURORE_OVERVIEW_259_2640-300x188.jpg\" data-width=\"300\" data-height=\"188\" aria-label=\"\" role=\"img\" ><\/div>\n\t\t\t\t\t\t\t\t\t\t\t<div class=\"elementor-gallery-item__overlay\"><\/div>\n\t\t\t\t\t\t\t\t\t\t\t\t\t\t<\/a>\n\t\t\t\t\t\t\t<a class=\"e-gallery-item elementor-gallery-item elementor-animated-content\" href=\"https:\/\/www.ferrcos.es\/wp-content\/uploads\/2026\/03\/14448_z_20032025_MUTINA_AURORE_NERA_03_306_2640-scaled.jpg\" data-elementor-open-lightbox=\"yes\" data-elementor-lightbox-slideshow=\"3bb2d9b\" data-elementor-lightbox-title=\"14448_z_20032025_MUTINA_AURORE_NERA_03_306_2640\" data-e-action-hash=\"#elementor-action%3Aaction%3Dlightbox%26settings%3DeyJpZCI6NjQ4NSwidXJsIjoiaHR0cHM6XC9cL3d3dy5mZXJyY29zLmVzXC93cC1jb250ZW50XC91cGxvYWRzXC8yMDI2XC8wM1wvMTQ0NDhfel8yMDAzMjAyNV9NVVRJTkFfQVVST1JFX05FUkFfMDNfMzA2XzI2NDAtc2NhbGVkLmpwZyIsInNsaWRlc2hvdyI6IjNiYjJkOWIifQ%3D%3D\">\n\t\t\t\t\t<div class=\"e-gallery-image elementor-gallery-item__image\" data-thumbnail=\"https:\/\/www.ferrcos.es\/wp-content\/uploads\/2026\/03\/14448_z_20032025_MUTINA_AURORE_NERA_03_306_2640-236x300.jpg\" data-width=\"236\" data-height=\"300\" aria-label=\"\" role=\"img\" ><\/div>\n\t\t\t\t\t\t\t\t\t\t\t<div class=\"elementor-gallery-item__overlay\"><\/div>\n\t\t\t\t\t\t\t\t\t\t\t\t\t\t<\/a>\n\t\t\t\t\t\t\t<a class=\"e-gallery-item elementor-gallery-item elementor-animated-content\" href=\"https:\/\/www.ferrcos.es\/wp-content\/uploads\/2026\/03\/14471_z_20032025_MUTINA_AURORE_NERA_02_303_2640-scaled.jpg\" data-elementor-open-lightbox=\"yes\" data-elementor-lightbox-slideshow=\"3bb2d9b\" data-elementor-lightbox-title=\"14471_z_20032025_MUTINA_AURORE_NERA_02_303_2640\" data-e-action-hash=\"#elementor-action%3Aaction%3Dlightbox%26settings%3DeyJpZCI6NjQ4OCwidXJsIjoiaHR0cHM6XC9cL3d3dy5mZXJyY29zLmVzXC93cC1jb250ZW50XC91cGxvYWRzXC8yMDI2XC8wM1wvMTQ0NzFfel8yMDAzMjAyNV9NVVRJTkFfQVVST1JFX05FUkFfMDJfMzAzXzI2NDAtc2NhbGVkLmpwZyIsInNsaWRlc2hvdyI6IjNiYjJkOWIifQ%3D%3D\">\n\t\t\t\t\t<div class=\"e-gallery-image elementor-gallery-item__image\" data-thumbnail=\"https:\/\/www.ferrcos.es\/wp-content\/uploads\/2026\/03\/14471_z_20032025_MUTINA_AURORE_NERA_02_303_2640-236x300.jpg\" data-width=\"236\" data-height=\"300\" aria-label=\"\" role=\"img\" ><\/div>\n\t\t\t\t\t\t\t\t\t\t\t<div class=\"elementor-gallery-item__overlay\"><\/div>\n\t\t\t\t\t\t\t\t\t\t\t\t\t\t<\/a>\n\t\t\t\t\t\t\t<a class=\"e-gallery-item elementor-gallery-item elementor-animated-content\" href=\"https:\/\/www.ferrcos.es\/wp-content\/uploads\/2026\/03\/14903_z_20032025_MUTINA_AURORE_GRIGIA_01_327_2640-scaled.jpg\" data-elementor-open-lightbox=\"yes\" data-elementor-lightbox-slideshow=\"3bb2d9b\" data-elementor-lightbox-title=\"14903_z_20032025_MUTINA_AURORE_GRIGIA_01_327_2640\" data-e-action-hash=\"#elementor-action%3Aaction%3Dlightbox%26settings%3DeyJpZCI6NjQ5NCwidXJsIjoiaHR0cHM6XC9cL3d3dy5mZXJyY29zLmVzXC93cC1jb250ZW50XC91cGxvYWRzXC8yMDI2XC8wM1wvMTQ5MDNfel8yMDAzMjAyNV9NVVRJTkFfQVVST1JFX0dSSUdJQV8wMV8zMjdfMjY0MC1zY2FsZWQuanBnIiwic2xpZGVzaG93IjoiM2JiMmQ5YiJ9\">\n\t\t\t\t\t<div class=\"e-gallery-image elementor-gallery-item__image\" data-thumbnail=\"https:\/\/www.ferrcos.es\/wp-content\/uploads\/2026\/03\/14903_z_20032025_MUTINA_AURORE_GRIGIA_01_327_2640-236x300.jpg\" data-width=\"236\" data-height=\"300\" aria-label=\"\" role=\"img\" ><\/div>\n\t\t\t\t\t\t\t\t\t\t\t<div class=\"elementor-gallery-item__overlay\"><\/div>\n\t\t\t\t\t\t\t\t\t\t\t\t\t\t<\/a>\n\t\t\t\t\t\t\t<a class=\"e-gallery-item elementor-gallery-item elementor-animated-content\" href=\"https:\/\/www.ferrcos.es\/wp-content\/uploads\/2026\/03\/14449_z_20032025_MUTINA_AURORE_QUADRETTI_01_344_2640-scaled.jpg\" data-elementor-open-lightbox=\"yes\" data-elementor-lightbox-slideshow=\"3bb2d9b\" data-elementor-lightbox-title=\"14449_z_20032025_MUTINA_AURORE_QUADRETTI_01_344_2640\" data-e-action-hash=\"#elementor-action%3Aaction%3Dlightbox%26settings%3DeyJpZCI6NjQ5NywidXJsIjoiaHR0cHM6XC9cL3d3dy5mZXJyY29zLmVzXC93cC1jb250ZW50XC91cGxvYWRzXC8yMDI2XC8wM1wvMTQ0NDlfel8yMDAzMjAyNV9NVVRJTkFfQVVST1JFX1FVQURSRVRUSV8wMV8zNDRfMjY0MC1zY2FsZWQuanBnIiwic2xpZGVzaG93IjoiM2JiMmQ5YiJ9\">\n\t\t\t\t\t<div class=\"e-gallery-image elementor-gallery-item__image\" data-thumbnail=\"https:\/\/www.ferrcos.es\/wp-content\/uploads\/2026\/03\/14449_z_20032025_MUTINA_AURORE_QUADRETTI_01_344_2640-236x300.jpg\" data-width=\"236\" data-height=\"300\" aria-label=\"\" role=\"img\" ><\/div>\n\t\t\t\t\t\t\t\t\t\t\t<div class=\"elementor-gallery-item__overlay\"><\/div>\n\t\t\t\t\t\t\t\t\t\t\t\t\t\t<\/a>\n\t\t\t\t\t<\/div>\n\t\t\t\t\t<\/div>\n\t\t\t\t\t<\/div>\n\t\t\t\t<\/div>\n\t\t\t\t<\/div>\n\t\t","protected":false},"excerpt":{"rendered":"<p>La collection Aurore de Mutina propose une approche singuli\u00e8re de la surface c\u00e9ramique contemporaine, plus introspective et profond\u00e9ment ancr\u00e9e dans une r\u00e9flexion architecturale. Con\u00e7ue par Vincent Van Duysen, Aurore ne cherche pas l\u2019effet imm\u00e9diat, mais d\u00e9veloppe une pr\u00e9sence \u00e9quilibr\u00e9e qui se r\u00e9v\u00e8le progressivement \u00e0 travers la lumi\u00e8re et la proximit\u00e9. Dans cette collection, la surface [&hellip;]<\/p>\n","protected":false},"author":4,"featured_media":6469,"comment_status":"closed","ping_status":"closed","sticky":false,"template":"","format":"standard","meta":{"footnotes":""},"categories":[125,82],"tags":[126,112,127],"class_list":["post-6504","post","type-post","status-publish","format-standard","has-post-thumbnail","hentry","category-nuevas-coleccciones-ceramica-fr","category-productos-fr","tag-ceramica-fr","tag-interiorismo-fr","tag-tile-fr"],"_links":{"self":[{"href":"https:\/\/www.ferrcos.es\/fr\/wp-json\/wp\/v2\/posts\/6504","targetHints":{"allow":["GET"]}}],"collection":[{"href":"https:\/\/www.ferrcos.es\/fr\/wp-json\/wp\/v2\/posts"}],"about":[{"href":"https:\/\/www.ferrcos.es\/fr\/wp-json\/wp\/v2\/types\/post"}],"author":[{"embeddable":true,"href":"https:\/\/www.ferrcos.es\/fr\/wp-json\/wp\/v2\/users\/4"}],"replies":[{"embeddable":true,"href":"https:\/\/www.ferrcos.es\/fr\/wp-json\/wp\/v2\/comments?post=6504"}],"version-history":[{"count":4,"href":"https:\/\/www.ferrcos.es\/fr\/wp-json\/wp\/v2\/posts\/6504\/revisions"}],"predecessor-version":[{"id":6512,"href":"https:\/\/www.ferrcos.es\/fr\/wp-json\/wp\/v2\/posts\/6504\/revisions\/6512"}],"wp:featuredmedia":[{"embeddable":true,"href":"https:\/\/www.ferrcos.es\/fr\/wp-json\/wp\/v2\/media\/6469"}],"wp:attachment":[{"href":"https:\/\/www.ferrcos.es\/fr\/wp-json\/wp\/v2\/media?parent=6504"}],"wp:term":[{"taxonomy":"category","embeddable":true,"href":"https:\/\/www.ferrcos.es\/fr\/wp-json\/wp\/v2\/categories?post=6504"},{"taxonomy":"post_tag","embeddable":true,"href":"https:\/\/www.ferrcos.es\/fr\/wp-json\/wp\/v2\/tags?post=6504"}],"curies":[{"name":"wp","href":"https:\/\/api.w.org\/{rel}","templated":true}]}}