{"id":6461,"date":"2026-03-03T11:12:55","date_gmt":"2026-03-03T11:12:55","guid":{"rendered":"https:\/\/www.ferrcos.es\/aria-by-ronan-bouroullec-ritmo-ligereza-y-ceramica-arquitectonica\/"},"modified":"2026-03-03T11:26:45","modified_gmt":"2026-03-03T11:26:45","slug":"aria-by-ronan-bouroullec-ritmo-ligereza-y-ceramica-arquitectonica","status":"publish","type":"post","link":"https:\/\/www.ferrcos.es\/fr\/aria-by-ronan-bouroullec-ritmo-ligereza-y-ceramica-arquitectonica\/","title":{"rendered":"Aria par Ronan Bouroullec : rythme, l\u00e9g\u00e8ret\u00e9 et c\u00e9ramique architecturale"},"content":{"rendered":"\t\t<div data-elementor-type=\"wp-post\" data-elementor-id=\"6461\" class=\"elementor elementor-6461 elementor-6402\" data-elementor-settings=\"{&quot;ha_cmc_init_switcher&quot;:&quot;no&quot;}\" data-elementor-post-type=\"post\">\n\t\t\t\t<div class=\"elementor-element elementor-element-7c36f21a e-flex e-con-boxed e-con e-parent\" data-id=\"7c36f21a\" data-element_type=\"container\" data-e-type=\"container\" data-settings=\"{&quot;_ha_eqh_enable&quot;:false}\">\n\t\t\t\t\t<div class=\"e-con-inner\">\n\t\t\t\t<div class=\"elementor-element elementor-element-77d312aa elementor-widget elementor-widget-text-editor\" data-id=\"77d312aa\" data-element_type=\"widget\" data-e-type=\"widget\" data-widget_type=\"text-editor.default\">\n\t\t\t\t\t\t\t\t\t<p data-start=\"142\" data-end=\"559\">La collection Aria de <span class=\"hover:entity-accent entity-underline inline cursor-pointer align-baseline\"><span class=\"whitespace-normal\">Mutina<\/span><\/span>, con\u00e7ue par Ronan Bouroullec, propose une interpr\u00e9tation contemporaine du rev\u00eatement mural en c\u00e9ramique envisag\u00e9 comme une v\u00e9ritable surface architecturale. Bien plus qu\u2019un simple mat\u00e9riau de finition, Aria se pr\u00e9sente comme un syst\u00e8me modulaire qui joue avec la r\u00e9p\u00e9tition, le relief et la lumi\u00e8re afin de cr\u00e9er du rythme et de la profondeur dans l\u2019espace.<\/p><p data-start=\"561\" data-end=\"1167\">Aria est issue d\u2019une recherche ax\u00e9e sur la l\u00e9g\u00e8ret\u00e9 visuelle et la musicalit\u00e9 de la r\u00e9p\u00e9tition. Gr\u00e2ce \u00e0 des \u00e9l\u00e9ments en c\u00e9ramique subtilement travaill\u00e9s en relief, la collection donne naissance \u00e0 des parois dynamiques qui interagissent avec la lumi\u00e8re naturelle et artificielle. Les ombres se d\u00e9placent au fil de la journ\u00e9e, r\u00e9v\u00e9lant des nuances d\u00e9licates et offrant une perception changeante de la surface. Cette dimension \u00e9volutive fait d\u2019Aria une solution id\u00e9ale pour les projets d\u2019architecture et de design int\u00e9rieur contemporains \u00e0 la recherche de texture et de sophistication sans surcharge visuelle.<\/p><p data-start=\"1169\" data-end=\"1583\">L\u2019approche de Ronan Bouroullec se refl\u00e8te dans la clart\u00e9 formelle et la logique constructive du syst\u00e8me. Chaque module est pens\u00e9 comme partie int\u00e9grante d\u2019un ensemble coh\u00e9rent, permettant de multiples configurations et compositions. Il en r\u00e9sulte une collection de c\u00e9ramique d\u2019auteur qui conjugue rigueur et libert\u00e9 cr\u00e9ative, adapt\u00e9e aussi bien aux espaces r\u00e9sidentiels qu\u2019aux projets contract de grande envergure.<\/p><p data-start=\"1585\" data-end=\"1961\">Sur le plan technique, Aria r\u00e9pond aux standards d\u2019excellence propres \u00e0 Mutina. Il s\u2019agit d\u2019un rev\u00eatement mural en c\u00e9ramique de haute qualit\u00e9, r\u00e9sistant et durable, con\u00e7u pour des applications verticales dans des environnements exigeants. La pr\u00e9cision du dessin et de la fabrication garantit une continuit\u00e9 visuelle et une lecture nette du motif, m\u00eame sur de grandes surfaces.<\/p><p data-start=\"1963\" data-end=\"2294\">La collection Aria de Mutina se distingue \u00e9galement par une palette chromatique neutre et raffin\u00e9e, facilitant son int\u00e9gration dans diff\u00e9rents langages architecturaux. Des tons doux et naturels renforcent une atmosph\u00e8re de s\u00e9r\u00e9nit\u00e9 et d\u2019\u00e9l\u00e9gance, laissant au relief et \u00e0 la mati\u00e8re le r\u00f4le principal dans la d\u00e9finition de l\u2019espace.<\/p><p data-start=\"2296\" data-end=\"2749\" data-is-last-node=\"\" data-is-only-node=\"\">Chez Ferrcos, nous accompagnons les architectes et les designers dans l\u2019int\u00e9gration de la collection Aria de Mutina, en proposant un conseil personnalis\u00e9 sur les compositions, les implantations et les solutions techniques les plus adapt\u00e9es \u00e0 chaque projet. Nous concevons la c\u00e9ramique non comme un simple rev\u00eatement, mais comme un v\u00e9ritable outil architectural capable d\u2019apporter identit\u00e9, qualit\u00e9 mat\u00e9rielle et valeur durable aux espaces contemporains.<\/p>\t\t\t\t\t\t\t\t<\/div>\n\t\t\t\t\t<\/div>\n\t\t\t\t<\/div>\n\t\t<div class=\"elementor-element elementor-element-3b81a2a e-flex e-con-boxed e-con e-parent\" data-id=\"3b81a2a\" data-element_type=\"container\" data-e-type=\"container\" data-settings=\"{&quot;_ha_eqh_enable&quot;:false}\">\n\t\t\t\t\t<div class=\"e-con-inner\">\n\t\t\t\t\t<\/div>\n\t\t\t\t<\/div>\n\t\t<div class=\"elementor-element elementor-element-b216a5b e-flex e-con-boxed e-con e-parent\" data-id=\"b216a5b\" data-element_type=\"container\" data-e-type=\"container\" data-settings=\"{&quot;_ha_eqh_enable&quot;:false}\">\n\t\t\t\t\t<div class=\"e-con-inner\">\n\t\t\t\t<div class=\"elementor-element elementor-element-d028752 elementor-widget elementor-widget-gallery\" data-id=\"d028752\" data-element_type=\"widget\" data-e-type=\"widget\" data-settings=\"{&quot;lazyload&quot;:&quot;yes&quot;,&quot;gallery_layout&quot;:&quot;grid&quot;,&quot;columns&quot;:4,&quot;columns_tablet&quot;:2,&quot;columns_mobile&quot;:1,&quot;gap&quot;:{&quot;unit&quot;:&quot;px&quot;,&quot;size&quot;:10,&quot;sizes&quot;:[]},&quot;gap_tablet&quot;:{&quot;unit&quot;:&quot;px&quot;,&quot;size&quot;:10,&quot;sizes&quot;:[]},&quot;gap_mobile&quot;:{&quot;unit&quot;:&quot;px&quot;,&quot;size&quot;:10,&quot;sizes&quot;:[]},&quot;link_to&quot;:&quot;file&quot;,&quot;aspect_ratio&quot;:&quot;3:2&quot;,&quot;overlay_background&quot;:&quot;yes&quot;,&quot;content_hover_animation&quot;:&quot;fade-in&quot;}\" data-widget_type=\"gallery.default\">\n\t\t\t\t\t\t\t<div class=\"elementor-gallery__container\">\n\t\t\t\t\t\t\t<a class=\"e-gallery-item elementor-gallery-item elementor-animated-content\" href=\"https:\/\/www.ferrcos.es\/wp-content\/uploads\/2026\/03\/16073_z_Pic_250828_Mutina96292_2640-1-scaled.jpg\" data-elementor-open-lightbox=\"yes\" data-elementor-lightbox-slideshow=\"d028752\" data-elementor-lightbox-title=\"16073_z_Pic_250828_Mutina96292_2640\" data-e-action-hash=\"#elementor-action%3Aaction%3Dlightbox%26settings%3DeyJpZCI6NjQyNCwidXJsIjoiaHR0cHM6XC9cL3d3dy5mZXJyY29zLmVzXC93cC1jb250ZW50XC91cGxvYWRzXC8yMDI2XC8wM1wvMTYwNzNfel9QaWNfMjUwODI4X011dGluYTk2MjkyXzI2NDAtMS1zY2FsZWQuanBnIiwic2xpZGVzaG93IjoiZDAyODc1MiJ9\">\n\t\t\t\t\t<div class=\"e-gallery-image elementor-gallery-item__image\" data-thumbnail=\"https:\/\/www.ferrcos.es\/wp-content\/uploads\/2026\/03\/16073_z_Pic_250828_Mutina96292_2640-1-236x300.jpg\" data-width=\"236\" data-height=\"300\" aria-label=\"\" role=\"img\" ><\/div>\n\t\t\t\t\t\t\t\t\t\t\t<div class=\"elementor-gallery-item__overlay\"><\/div>\n\t\t\t\t\t\t\t\t\t\t\t\t\t\t<\/a>\n\t\t\t\t\t\t\t<a class=\"e-gallery-item elementor-gallery-item elementor-animated-content\" href=\"https:\/\/www.ferrcos.es\/wp-content\/uploads\/2026\/03\/16107_z_Pic_250828_Mutina284121_2640-1-scaled.jpg\" data-elementor-open-lightbox=\"yes\" data-elementor-lightbox-slideshow=\"d028752\" data-elementor-lightbox-title=\"16107_z_Pic_250828_Mutina284121_2640\" data-e-action-hash=\"#elementor-action%3Aaction%3Dlightbox%26settings%3DeyJpZCI6NjQzMywidXJsIjoiaHR0cHM6XC9cL3d3dy5mZXJyY29zLmVzXC93cC1jb250ZW50XC91cGxvYWRzXC8yMDI2XC8wM1wvMTYxMDdfel9QaWNfMjUwODI4X011dGluYTI4NDEyMV8yNjQwLTEtc2NhbGVkLmpwZyIsInNsaWRlc2hvdyI6ImQwMjg3NTIifQ%3D%3D\">\n\t\t\t\t\t<div class=\"e-gallery-image elementor-gallery-item__image\" data-thumbnail=\"https:\/\/www.ferrcos.es\/wp-content\/uploads\/2026\/03\/16107_z_Pic_250828_Mutina284121_2640-1-236x300.jpg\" data-width=\"236\" data-height=\"300\" aria-label=\"\" role=\"img\" ><\/div>\n\t\t\t\t\t\t\t\t\t\t\t<div class=\"elementor-gallery-item__overlay\"><\/div>\n\t\t\t\t\t\t\t\t\t\t\t\t\t\t<\/a>\n\t\t\t\t\t\t\t<a class=\"e-gallery-item elementor-gallery-item elementor-animated-content\" href=\"https:\/\/www.ferrcos.es\/wp-content\/uploads\/2026\/03\/16148_z_Pic_250828_Mutina97876_2640-1-scaled.jpg\" data-elementor-open-lightbox=\"yes\" data-elementor-lightbox-slideshow=\"d028752\" data-elementor-lightbox-title=\"16148_z_Pic_250828_Mutina97876_2640\" data-e-action-hash=\"#elementor-action%3Aaction%3Dlightbox%26settings%3DeyJpZCI6NjQzNiwidXJsIjoiaHR0cHM6XC9cL3d3dy5mZXJyY29zLmVzXC93cC1jb250ZW50XC91cGxvYWRzXC8yMDI2XC8wM1wvMTYxNDhfel9QaWNfMjUwODI4X011dGluYTk3ODc2XzI2NDAtMS1zY2FsZWQuanBnIiwic2xpZGVzaG93IjoiZDAyODc1MiJ9\">\n\t\t\t\t\t<div class=\"e-gallery-image elementor-gallery-item__image\" data-thumbnail=\"https:\/\/www.ferrcos.es\/wp-content\/uploads\/2026\/03\/16148_z_Pic_250828_Mutina97876_2640-1-300x188.jpg\" data-width=\"300\" data-height=\"188\" aria-label=\"\" role=\"img\" ><\/div>\n\t\t\t\t\t\t\t\t\t\t\t<div class=\"elementor-gallery-item__overlay\"><\/div>\n\t\t\t\t\t\t\t\t\t\t\t\t\t\t<\/a>\n\t\t\t\t\t\t\t<a class=\"e-gallery-item elementor-gallery-item elementor-animated-content\" href=\"https:\/\/www.ferrcos.es\/wp-content\/uploads\/2026\/03\/16059_z_COVER_2640-scaled.jpg\" data-elementor-open-lightbox=\"yes\" data-elementor-lightbox-slideshow=\"d028752\" data-elementor-lightbox-title=\"16059_z_COVER_2640\" data-e-action-hash=\"#elementor-action%3Aaction%3Dlightbox%26settings%3DeyJpZCI6NjQzOSwidXJsIjoiaHR0cHM6XC9cL3d3dy5mZXJyY29zLmVzXC93cC1jb250ZW50XC91cGxvYWRzXC8yMDI2XC8wM1wvMTYwNTlfel9DT1ZFUl8yNjQwLXNjYWxlZC5qcGciLCJzbGlkZXNob3ciOiJkMDI4NzUyIn0%3D\">\n\t\t\t\t\t<div class=\"e-gallery-image elementor-gallery-item__image\" data-thumbnail=\"https:\/\/www.ferrcos.es\/wp-content\/uploads\/2026\/03\/16059_z_COVER_2640-300x188.jpg\" data-width=\"300\" data-height=\"188\" aria-label=\"\" role=\"img\" ><\/div>\n\t\t\t\t\t\t\t\t\t\t\t<div class=\"elementor-gallery-item__overlay\"><\/div>\n\t\t\t\t\t\t\t\t\t\t\t\t\t\t<\/a>\n\t\t\t\t\t\t\t<a class=\"e-gallery-item elementor-gallery-item elementor-animated-content\" href=\"https:\/\/www.ferrcos.es\/wp-content\/uploads\/2026\/03\/16075_z_Pic_250828_Mutina95972_2640-2-scaled.jpg\" data-elementor-open-lightbox=\"yes\" data-elementor-lightbox-slideshow=\"d028752\" data-elementor-lightbox-title=\"16075_z_Pic_250828_Mutina95972_2640\" data-e-action-hash=\"#elementor-action%3Aaction%3Dlightbox%26settings%3DeyJpZCI6NjQ0MiwidXJsIjoiaHR0cHM6XC9cL3d3dy5mZXJyY29zLmVzXC93cC1jb250ZW50XC91cGxvYWRzXC8yMDI2XC8wM1wvMTYwNzVfel9QaWNfMjUwODI4X011dGluYTk1OTcyXzI2NDAtMi1zY2FsZWQuanBnIiwic2xpZGVzaG93IjoiZDAyODc1MiJ9\">\n\t\t\t\t\t<div class=\"e-gallery-image elementor-gallery-item__image\" data-thumbnail=\"https:\/\/www.ferrcos.es\/wp-content\/uploads\/2026\/03\/16075_z_Pic_250828_Mutina95972_2640-2-236x300.jpg\" data-width=\"236\" data-height=\"300\" aria-label=\"\" role=\"img\" ><\/div>\n\t\t\t\t\t\t\t\t\t\t\t<div class=\"elementor-gallery-item__overlay\"><\/div>\n\t\t\t\t\t\t\t\t\t\t\t\t\t\t<\/a>\n\t\t\t\t\t\t\t<a class=\"e-gallery-item elementor-gallery-item elementor-animated-content\" href=\"https:\/\/www.ferrcos.es\/wp-content\/uploads\/2026\/03\/16108_n_Pic_250828_Mutina97074_1120.jpg\" data-elementor-open-lightbox=\"yes\" data-elementor-lightbox-slideshow=\"d028752\" data-elementor-lightbox-title=\"16108_n_Pic_250828_Mutina97074_1120\" data-e-action-hash=\"#elementor-action%3Aaction%3Dlightbox%26settings%3DeyJpZCI6NjQyMSwidXJsIjoiaHR0cHM6XC9cL3d3dy5mZXJyY29zLmVzXC93cC1jb250ZW50XC91cGxvYWRzXC8yMDI2XC8wM1wvMTYxMDhfbl9QaWNfMjUwODI4X011dGluYTk3MDc0XzExMjAuanBnIiwic2xpZGVzaG93IjoiZDAyODc1MiJ9\">\n\t\t\t\t\t<div class=\"e-gallery-image elementor-gallery-item__image\" data-thumbnail=\"https:\/\/www.ferrcos.es\/wp-content\/uploads\/2026\/03\/16108_n_Pic_250828_Mutina97074_1120-236x300.jpg\" data-width=\"236\" data-height=\"300\" aria-label=\"\" role=\"img\" ><\/div>\n\t\t\t\t\t\t\t\t\t\t\t<div class=\"elementor-gallery-item__overlay\"><\/div>\n\t\t\t\t\t\t\t\t\t\t\t\t\t\t<\/a>\n\t\t\t\t\t\t\t<a class=\"e-gallery-item elementor-gallery-item elementor-animated-content\" href=\"https:\/\/www.ferrcos.es\/wp-content\/uploads\/2026\/03\/16060_z_Pic_250828_Mutina96039_2640-scaled.jpg\" data-elementor-open-lightbox=\"yes\" data-elementor-lightbox-slideshow=\"d028752\" data-elementor-lightbox-title=\"16060_z_Pic_250828_Mutina96039_2640\" data-e-action-hash=\"#elementor-action%3Aaction%3Dlightbox%26settings%3DeyJpZCI6NjQxOCwidXJsIjoiaHR0cHM6XC9cL3d3dy5mZXJyY29zLmVzXC93cC1jb250ZW50XC91cGxvYWRzXC8yMDI2XC8wM1wvMTYwNjBfel9QaWNfMjUwODI4X011dGluYTk2MDM5XzI2NDAtc2NhbGVkLmpwZyIsInNsaWRlc2hvdyI6ImQwMjg3NTIifQ%3D%3D\">\n\t\t\t\t\t<div class=\"e-gallery-image elementor-gallery-item__image\" data-thumbnail=\"https:\/\/www.ferrcos.es\/wp-content\/uploads\/2026\/03\/16060_z_Pic_250828_Mutina96039_2640-300x188.jpg\" data-width=\"300\" data-height=\"188\" aria-label=\"\" role=\"img\" ><\/div>\n\t\t\t\t\t\t\t\t\t\t\t<div class=\"elementor-gallery-item__overlay\"><\/div>\n\t\t\t\t\t\t\t\t\t\t\t\t\t\t<\/a>\n\t\t\t\t\t<\/div>\n\t\t\t\t\t<\/div>\n\t\t\t\t\t<\/div>\n\t\t\t\t<\/div>\n\t\t\t\t<\/div>\n\t\t","protected":false},"excerpt":{"rendered":"<p>La collection Aria de Mutina, con\u00e7ue par Ronan Bouroullec, propose une interpr\u00e9tation contemporaine du rev\u00eatement mural en c\u00e9ramique envisag\u00e9 comme une v\u00e9ritable surface architecturale. Bien plus qu\u2019un simple mat\u00e9riau de finition, Aria se pr\u00e9sente comme un syst\u00e8me modulaire qui joue avec la r\u00e9p\u00e9tition, le relief et la lumi\u00e8re afin de cr\u00e9er du rythme et de [&hellip;]<\/p>\n","protected":false},"author":4,"featured_media":6453,"comment_status":"closed","ping_status":"closed","sticky":false,"template":"","format":"standard","meta":{"footnotes":""},"categories":[125,82],"tags":[126,112,127],"class_list":["post-6461","post","type-post","status-publish","format-standard","has-post-thumbnail","hentry","category-nuevas-coleccciones-ceramica-fr","category-productos-fr","tag-ceramica-fr","tag-interiorismo-fr","tag-tile-fr"],"_links":{"self":[{"href":"https:\/\/www.ferrcos.es\/fr\/wp-json\/wp\/v2\/posts\/6461","targetHints":{"allow":["GET"]}}],"collection":[{"href":"https:\/\/www.ferrcos.es\/fr\/wp-json\/wp\/v2\/posts"}],"about":[{"href":"https:\/\/www.ferrcos.es\/fr\/wp-json\/wp\/v2\/types\/post"}],"author":[{"embeddable":true,"href":"https:\/\/www.ferrcos.es\/fr\/wp-json\/wp\/v2\/users\/4"}],"replies":[{"embeddable":true,"href":"https:\/\/www.ferrcos.es\/fr\/wp-json\/wp\/v2\/comments?post=6461"}],"version-history":[{"count":4,"href":"https:\/\/www.ferrcos.es\/fr\/wp-json\/wp\/v2\/posts\/6461\/revisions"}],"predecessor-version":[{"id":6465,"href":"https:\/\/www.ferrcos.es\/fr\/wp-json\/wp\/v2\/posts\/6461\/revisions\/6465"}],"wp:featuredmedia":[{"embeddable":true,"href":"https:\/\/www.ferrcos.es\/fr\/wp-json\/wp\/v2\/media\/6453"}],"wp:attachment":[{"href":"https:\/\/www.ferrcos.es\/fr\/wp-json\/wp\/v2\/media?parent=6461"}],"wp:term":[{"taxonomy":"category","embeddable":true,"href":"https:\/\/www.ferrcos.es\/fr\/wp-json\/wp\/v2\/categories?post=6461"},{"taxonomy":"post_tag","embeddable":true,"href":"https:\/\/www.ferrcos.es\/fr\/wp-json\/wp\/v2\/tags?post=6461"}],"curies":[{"name":"wp","href":"https:\/\/api.w.org\/{rel}","templated":true}]}}