{"id":5764,"date":"2024-12-10T11:12:22","date_gmt":"2024-12-10T11:12:22","guid":{"rendered":"https:\/\/www.ferrcos.es\/?p=5764"},"modified":"2024-12-10T12:28:16","modified_gmt":"2024-12-10T12:28:16","slug":"ferme-pour-les-vacances-du-15-au-25-aout-3","status":"publish","type":"post","link":"https:\/\/www.ferrcos.es\/fr\/ferme-pour-les-vacances-du-15-au-25-aout-3\/","title":{"rendered":"Horaires sp\u00e9ciaux de No\u00ebl : Ferm\u00e9 du 24 d\u00e9cembre au 2 janvier"},"content":{"rendered":"\t\t<div data-elementor-type=\"wp-post\" data-elementor-id=\"5764\" class=\"elementor elementor-5764\" data-elementor-settings=\"{&quot;ha_cmc_init_switcher&quot;:&quot;no&quot;}\" data-elementor-post-type=\"post\">\n\t\t\t\t\t\t<section class=\"elementor-section elementor-top-section elementor-element elementor-element-13569d9f elementor-section-boxed elementor-section-height-default elementor-section-height-default\" data-id=\"13569d9f\" data-element_type=\"section\" data-e-type=\"section\" data-settings=\"{&quot;_ha_eqh_enable&quot;:false}\">\n\t\t\t\t\t\t<div class=\"elementor-container elementor-column-gap-default\">\n\t\t\t\t\t<div class=\"elementor-column elementor-col-100 elementor-top-column elementor-element elementor-element-6cf1e3e6\" data-id=\"6cf1e3e6\" data-element_type=\"column\" data-e-type=\"column\">\n\t\t\t<div class=\"elementor-widget-wrap elementor-element-populated\">\n\t\t\t\t\t\t<div class=\"elementor-element elementor-element-40b704a3 elementor-widget elementor-widget-text-editor\" data-id=\"40b704a3\" data-element_type=\"widget\" data-e-type=\"widget\" data-widget_type=\"text-editor.default\">\n\t\t\t\t\t\t\t\t\t<p>Chers clients et fournisseurs,<\/p><p>Nous vous informons que <strong>notre entreprise sera ferm\u00e9e du 24 d\u00e9cembre au 2 janvier<\/strong> en raison des f\u00eates de No\u00ebl.<\/p><p>Nous vous remercions de votre compr\u00e9hension et profitons de cette occasion pour vous souhaiter de joyeuses f\u00eates et une nouvelle ann\u00e9e prosp\u00e8re o\u00f9 nous pourrons continuer \u00e0 construire des projets ensemble. \ud83c\udf84\u2728<\/p><p>Pour toute demande urgente, n\u2019h\u00e9sitez pas \u00e0 nous contacter avant le 23 d\u00e9cembre. Merci de faire confiance \u00e0 Ferrcos !<\/p>\t\t\t\t\t\t\t\t<\/div>\n\t\t\t\t\t<\/div>\n\t\t<\/div>\n\t\t\t\t\t<\/div>\n\t\t<\/section>\n\t\t\t\t<\/div>\n\t\t","protected":false},"excerpt":{"rendered":"<p>Chers clients et fournisseurs, Nous vous informons que notre entreprise sera ferm\u00e9e du 24 d\u00e9cembre au 2 janvier en raison des f\u00eates de No\u00ebl. Nous vous remercions de votre compr\u00e9hension et profitons de cette occasion pour vous souhaiter de joyeuses f\u00eates et une nouvelle ann\u00e9e prosp\u00e8re o\u00f9 nous pourrons continuer \u00e0 construire des projets ensemble. [&hellip;]<\/p>\n","protected":false},"author":3,"featured_media":5774,"comment_status":"closed","ping_status":"closed","sticky":false,"template":"","format":"standard","meta":{"footnotes":""},"categories":[175],"tags":[88,112],"class_list":["post-5764","post","type-post","status-publish","format-standard","has-post-thumbnail","hentry","category-entreprise","tag-griferia-fr","tag-interiorismo-fr"],"_links":{"self":[{"href":"https:\/\/www.ferrcos.es\/fr\/wp-json\/wp\/v2\/posts\/5764","targetHints":{"allow":["GET"]}}],"collection":[{"href":"https:\/\/www.ferrcos.es\/fr\/wp-json\/wp\/v2\/posts"}],"about":[{"href":"https:\/\/www.ferrcos.es\/fr\/wp-json\/wp\/v2\/types\/post"}],"author":[{"embeddable":true,"href":"https:\/\/www.ferrcos.es\/fr\/wp-json\/wp\/v2\/users\/3"}],"replies":[{"embeddable":true,"href":"https:\/\/www.ferrcos.es\/fr\/wp-json\/wp\/v2\/comments?post=5764"}],"version-history":[{"count":5,"href":"https:\/\/www.ferrcos.es\/fr\/wp-json\/wp\/v2\/posts\/5764\/revisions"}],"predecessor-version":[{"id":5798,"href":"https:\/\/www.ferrcos.es\/fr\/wp-json\/wp\/v2\/posts\/5764\/revisions\/5798"}],"wp:featuredmedia":[{"embeddable":true,"href":"https:\/\/www.ferrcos.es\/fr\/wp-json\/wp\/v2\/media\/5774"}],"wp:attachment":[{"href":"https:\/\/www.ferrcos.es\/fr\/wp-json\/wp\/v2\/media?parent=5764"}],"wp:term":[{"taxonomy":"category","embeddable":true,"href":"https:\/\/www.ferrcos.es\/fr\/wp-json\/wp\/v2\/categories?post=5764"},{"taxonomy":"post_tag","embeddable":true,"href":"https:\/\/www.ferrcos.es\/fr\/wp-json\/wp\/v2\/tags?post=5764"}],"curies":[{"name":"wp","href":"https:\/\/api.w.org\/{rel}","templated":true}]}}