{"id":5222,"date":"2024-07-12T09:16:00","date_gmt":"2024-07-12T09:16:00","guid":{"rendered":"https:\/\/www.ferrcos.es\/?p=5222"},"modified":"2024-07-12T11:14:22","modified_gmt":"2024-07-12T11:14:22","slug":"ferme-pour-les-vacances-du-15-au-25-aout-2","status":"publish","type":"post","link":"https:\/\/www.ferrcos.es\/fr\/ferme-pour-les-vacances-du-15-au-25-aout-2\/","title":{"rendered":"Lundi 15 juillet ferm\u00e9 pour cause de jour f\u00e9ri\u00e9"},"content":{"rendered":"\t\t<div data-elementor-type=\"wp-post\" data-elementor-id=\"5222\" class=\"elementor elementor-5222\" data-elementor-settings=\"{&quot;ha_cmc_init_switcher&quot;:&quot;no&quot;}\" data-elementor-post-type=\"post\">\n\t\t\t\t\t\t<section class=\"elementor-section elementor-top-section elementor-element elementor-element-13569d9f elementor-section-boxed elementor-section-height-default elementor-section-height-default\" data-id=\"13569d9f\" data-element_type=\"section\" data-e-type=\"section\" data-settings=\"{&quot;_ha_eqh_enable&quot;:false}\">\n\t\t\t\t\t\t<div class=\"elementor-container elementor-column-gap-default\">\n\t\t\t\t\t<div class=\"elementor-column elementor-col-100 elementor-top-column elementor-element elementor-element-6cf1e3e6\" data-id=\"6cf1e3e6\" data-element_type=\"column\" data-e-type=\"column\">\n\t\t\t<div class=\"elementor-widget-wrap elementor-element-populated\">\n\t\t\t\t\t\t<div class=\"elementor-element elementor-element-40b704a3 elementor-widget elementor-widget-text-editor\" data-id=\"40b704a3\" data-element_type=\"widget\" data-e-type=\"widget\" data-widget_type=\"text-editor.default\">\n\t\t\t\t\t\t\t\t\t<p>Chers clients et fournisseurs,<\/p><p>Nous souhaitons vous informer que le lundi 15 juillet prochain, notre entreprise sera ferm\u00e9e en raison d&#8217;un jour f\u00e9ri\u00e9 local.<\/p><p>Nous nous excusons pour tout inconv\u00e9nient que cela pourrait causer et vous remercions de votre compr\u00e9hension.<\/p><p>Nous nous engageons \u00e0 r\u00e9pondre \u00e0 vos demandes et requ\u00eates \u00e0 partir du mardi 16 juillet pendant nos heures d&#8217;ouverture habituelles.<\/p><p>Cordialement,<\/p><p><strong>L&#8217;\u00e9quipe de Ferrcos<\/strong><\/p>\t\t\t\t\t\t\t\t<\/div>\n\t\t\t\t\t<\/div>\n\t\t<\/div>\n\t\t\t\t\t<\/div>\n\t\t<\/section>\n\t\t\t\t<\/div>\n\t\t","protected":false},"excerpt":{"rendered":"<p>Chers clients et fournisseurs, Nous souhaitons vous informer que le lundi 15 juillet prochain, notre entreprise sera ferm\u00e9e en raison d&#8217;un jour f\u00e9ri\u00e9 local. Nous nous excusons pour tout inconv\u00e9nient que cela pourrait causer et vous remercions de votre compr\u00e9hension. Nous nous engageons \u00e0 r\u00e9pondre \u00e0 vos demandes et requ\u00eates \u00e0 partir du mardi 16 [&hellip;]<\/p>\n","protected":false},"author":3,"featured_media":5225,"comment_status":"closed","ping_status":"closed","sticky":false,"template":"","format":"standard","meta":{"footnotes":""},"categories":[175],"tags":[112],"class_list":["post-5222","post","type-post","status-publish","format-standard","has-post-thumbnail","hentry","category-entreprise","tag-interiorismo-fr"],"_links":{"self":[{"href":"https:\/\/www.ferrcos.es\/fr\/wp-json\/wp\/v2\/posts\/5222","targetHints":{"allow":["GET"]}}],"collection":[{"href":"https:\/\/www.ferrcos.es\/fr\/wp-json\/wp\/v2\/posts"}],"about":[{"href":"https:\/\/www.ferrcos.es\/fr\/wp-json\/wp\/v2\/types\/post"}],"author":[{"embeddable":true,"href":"https:\/\/www.ferrcos.es\/fr\/wp-json\/wp\/v2\/users\/3"}],"replies":[{"embeddable":true,"href":"https:\/\/www.ferrcos.es\/fr\/wp-json\/wp\/v2\/comments?post=5222"}],"version-history":[{"count":9,"href":"https:\/\/www.ferrcos.es\/fr\/wp-json\/wp\/v2\/posts\/5222\/revisions"}],"predecessor-version":[{"id":5256,"href":"https:\/\/www.ferrcos.es\/fr\/wp-json\/wp\/v2\/posts\/5222\/revisions\/5256"}],"wp:featuredmedia":[{"embeddable":true,"href":"https:\/\/www.ferrcos.es\/fr\/wp-json\/wp\/v2\/media\/5225"}],"wp:attachment":[{"href":"https:\/\/www.ferrcos.es\/fr\/wp-json\/wp\/v2\/media?parent=5222"}],"wp:term":[{"taxonomy":"category","embeddable":true,"href":"https:\/\/www.ferrcos.es\/fr\/wp-json\/wp\/v2\/categories?post=5222"},{"taxonomy":"post_tag","embeddable":true,"href":"https:\/\/www.ferrcos.es\/fr\/wp-json\/wp\/v2\/tags?post=5222"}],"curies":[{"name":"wp","href":"https:\/\/api.w.org\/{rel}","templated":true}]}}