{"id":4727,"date":"2024-08-13T10:23:41","date_gmt":"2024-08-13T10:23:41","guid":{"rendered":"https:\/\/www.ferrcos.es\/?p=4727"},"modified":"2024-07-12T11:16:24","modified_gmt":"2024-07-12T11:16:24","slug":"temps-par-barberorgerby-2","status":"publish","type":"post","link":"https:\/\/www.ferrcos.es\/fr\/temps-par-barberorgerby-2\/","title":{"rendered":"Ferm\u00e9 pour les vacances du 15 au 25 ao\u00fbt"},"content":{"rendered":"\t\t<div data-elementor-type=\"wp-post\" data-elementor-id=\"4727\" class=\"elementor elementor-4727 elementor-4725\" data-elementor-settings=\"{&quot;ha_cmc_init_switcher&quot;:&quot;no&quot;}\" data-elementor-post-type=\"post\">\n\t\t\t\t\t\t<section class=\"elementor-section elementor-top-section elementor-element elementor-element-13569d9f elementor-section-boxed elementor-section-height-default elementor-section-height-default\" data-id=\"13569d9f\" data-element_type=\"section\" data-e-type=\"section\" data-settings=\"{&quot;_ha_eqh_enable&quot;:false}\">\n\t\t\t\t\t\t<div class=\"elementor-container elementor-column-gap-default\">\n\t\t\t\t\t<div class=\"elementor-column elementor-col-100 elementor-top-column elementor-element elementor-element-6cf1e3e6\" data-id=\"6cf1e3e6\" data-element_type=\"column\" data-e-type=\"column\">\n\t\t\t<div class=\"elementor-widget-wrap elementor-element-populated\">\n\t\t\t\t\t\t<div class=\"elementor-element elementor-element-40b704a3 elementor-widget elementor-widget-text-editor\" data-id=\"40b704a3\" data-element_type=\"widget\" data-e-type=\"widget\" data-widget_type=\"text-editor.default\">\n\t\t\t\t\t\t\t\t\t<p>Chers clients et amis,<\/p><p>Nous vous informons que <strong>Ferrcos sera ferm\u00e9 pour les vacances d&#8217;\u00e9t\u00e9 du 15 au 25 ao\u00fbt 2024<\/strong> (les deux jours inclus). Pendant cette p\u00e9riode, notre showroom sera \u00e9galement ferm\u00e9 au public. Nous profiterons de ces journ\u00e9es pour nous ressourcer et revenir avec plus de force et d&#8217;enthousiasme le 26 ao\u00fbt 2024.<\/p><p>Nous vous invitons \u00e0 planifier vos visites et vos commandes en cons\u00e9quence afin d&#8217;\u00e9viter tout d\u00e9sagr\u00e9ment pendant notre absence.<\/p><p>Nous profitons de cette occasion pour vous remercier de votre soutien et de votre confiance en Ferrcos. Nous vous souhaitons \u00e0 tous de bonnes vacances d&#8217;\u00e9t\u00e9.<\/p><p>Nous vous donnons rendez-vous \u00e0 notre retour !<\/p>\t\t\t\t\t\t\t\t<\/div>\n\t\t\t\t\t<\/div>\n\t\t<\/div>\n\t\t\t\t\t<\/div>\n\t\t<\/section>\n\t\t\t\t<section class=\"elementor-section elementor-top-section elementor-element elementor-element-c769b76 elementor-section-boxed elementor-section-height-default elementor-section-height-default\" data-id=\"c769b76\" data-element_type=\"section\" data-e-type=\"section\" data-settings=\"{&quot;_ha_eqh_enable&quot;:false}\">\n\t\t\t\t\t\t<div class=\"elementor-container elementor-column-gap-default\">\n\t\t\t\t\t<div class=\"elementor-column elementor-col-100 elementor-top-column elementor-element elementor-element-ce7507a\" data-id=\"ce7507a\" data-element_type=\"column\" data-e-type=\"column\">\n\t\t\t<div class=\"elementor-widget-wrap elementor-element-populated\">\n\t\t\t\t\t\t<div class=\"elementor-element elementor-element-f3b123f elementor-widget elementor-widget-gallery\" data-id=\"f3b123f\" data-element_type=\"widget\" data-e-type=\"widget\" data-settings=\"{&quot;gallery_layout&quot;:&quot;grid&quot;,&quot;columns&quot;:4,&quot;columns_tablet&quot;:2,&quot;columns_mobile&quot;:1,&quot;gap&quot;:{&quot;unit&quot;:&quot;px&quot;,&quot;size&quot;:10,&quot;sizes&quot;:[]},&quot;gap_tablet&quot;:{&quot;unit&quot;:&quot;px&quot;,&quot;size&quot;:10,&quot;sizes&quot;:[]},&quot;gap_mobile&quot;:{&quot;unit&quot;:&quot;px&quot;,&quot;size&quot;:10,&quot;sizes&quot;:[]},&quot;link_to&quot;:&quot;file&quot;,&quot;aspect_ratio&quot;:&quot;3:2&quot;,&quot;overlay_background&quot;:&quot;yes&quot;,&quot;content_hover_animation&quot;:&quot;fade-in&quot;}\" data-widget_type=\"gallery.default\">\n\t\t\t\t\t\t\t<div class=\"elementor-gallery__container\">\n\t\t\t\t\t\t\t<a class=\"e-gallery-item elementor-gallery-item elementor-animated-content\" href=\"https:\/\/www.ferrcos.es\/wp-content\/uploads\/2024\/03\/Amadis-amb-LONG-STICK-APPLE-imagen-5.jpg\" data-elementor-open-lightbox=\"yes\" data-elementor-lightbox-slideshow=\"f3b123f\" data-elementor-lightbox-title=\"Amadis-amb-LONG-STICK-APPLE imagen 5\" data-e-action-hash=\"#elementor-action%3Aaction%3Dlightbox%26settings%3DeyJpZCI6MzM5NiwidXJsIjoiaHR0cHM6XC9cL3d3dy5mZXJyY29zLmVzXC93cC1jb250ZW50XC91cGxvYWRzXC8yMDI0XC8wM1wvQW1hZGlzLWFtYi1MT05HLVNUSUNLLUFQUExFLWltYWdlbi01LmpwZyIsInNsaWRlc2hvdyI6ImYzYjEyM2YifQ%3D%3D\">\n\t\t\t\t\t<div class=\"e-gallery-image elementor-gallery-item__image\" data-thumbnail=\"https:\/\/www.ferrcos.es\/wp-content\/uploads\/2024\/03\/Amadis-amb-LONG-STICK-APPLE-imagen-5-768x768.jpg\" data-width=\"768\" data-height=\"768\" aria-label=\"\" role=\"img\" ><\/div>\n\t\t\t\t\t\t\t\t\t\t\t<div class=\"elementor-gallery-item__overlay\"><\/div>\n\t\t\t\t\t\t\t\t\t\t\t\t\t\t<\/a>\n\t\t\t\t\t\t\t<a class=\"e-gallery-item elementor-gallery-item elementor-animated-content\" href=\"https:\/\/www.ferrcos.es\/wp-content\/uploads\/2024\/03\/Amadis-amb-LONG-STICK-SAPHIRE-imagen-3.jpg\" data-elementor-open-lightbox=\"yes\" data-elementor-lightbox-slideshow=\"f3b123f\" data-elementor-lightbox-title=\"Amadis-amb-LONG-STICK-SAPHIRE imagen 3\" data-e-action-hash=\"#elementor-action%3Aaction%3Dlightbox%26settings%3DeyJpZCI6MzM5OCwidXJsIjoiaHR0cHM6XC9cL3d3dy5mZXJyY29zLmVzXC93cC1jb250ZW50XC91cGxvYWRzXC8yMDI0XC8wM1wvQW1hZGlzLWFtYi1MT05HLVNUSUNLLVNBUEhJUkUtaW1hZ2VuLTMuanBnIiwic2xpZGVzaG93IjoiZjNiMTIzZiJ9\">\n\t\t\t\t\t<div class=\"e-gallery-image elementor-gallery-item__image\" data-thumbnail=\"https:\/\/www.ferrcos.es\/wp-content\/uploads\/2024\/03\/Amadis-amb-LONG-STICK-SAPHIRE-imagen-3-768x768.jpg\" data-width=\"768\" data-height=\"768\" aria-label=\"\" role=\"img\" ><\/div>\n\t\t\t\t\t\t\t\t\t\t\t<div class=\"elementor-gallery-item__overlay\"><\/div>\n\t\t\t\t\t\t\t\t\t\t\t\t\t\t<\/a>\n\t\t\t\t\t\t\t<a class=\"e-gallery-item elementor-gallery-item elementor-animated-content\" href=\"https:\/\/www.ferrcos.es\/wp-content\/uploads\/2024\/03\/amb-LONG-STICK-CAMALEON-para-la-web-de-amadis-imagen-4.jpg\" data-elementor-open-lightbox=\"yes\" data-elementor-lightbox-slideshow=\"f3b123f\" data-elementor-lightbox-title=\"amb-LONG-STICK-CAMALEON-para-la-web-de-amadis imagen 4\" data-e-action-hash=\"#elementor-action%3Aaction%3Dlightbox%26settings%3DeyJpZCI6MzM5OSwidXJsIjoiaHR0cHM6XC9cL3d3dy5mZXJyY29zLmVzXC93cC1jb250ZW50XC91cGxvYWRzXC8yMDI0XC8wM1wvYW1iLUxPTkctU1RJQ0stQ0FNQUxFT04tcGFyYS1sYS13ZWItZGUtYW1hZGlzLWltYWdlbi00LmpwZyIsInNsaWRlc2hvdyI6ImYzYjEyM2YifQ%3D%3D\">\n\t\t\t\t\t<div class=\"e-gallery-image elementor-gallery-item__image\" data-thumbnail=\"https:\/\/www.ferrcos.es\/wp-content\/uploads\/2024\/03\/amb-LONG-STICK-CAMALEON-para-la-web-de-amadis-imagen-4-768x768.jpg\" data-width=\"768\" data-height=\"768\" aria-label=\"\" role=\"img\" ><\/div>\n\t\t\t\t\t\t\t\t\t\t\t<div class=\"elementor-gallery-item__overlay\"><\/div>\n\t\t\t\t\t\t\t\t\t\t\t\t\t\t<\/a>\n\t\t\t\t\t\t\t<a class=\"e-gallery-item elementor-gallery-item elementor-animated-content\" href=\"https:\/\/www.ferrcos.es\/wp-content\/uploads\/2024\/03\/amb-LONG-STICK-HONEY-barra-imagen-1.jpg\" data-elementor-open-lightbox=\"yes\" data-elementor-lightbox-slideshow=\"f3b123f\" data-elementor-lightbox-title=\"amb-LONG-STICK-HONEY-barra imagen 1\" data-e-action-hash=\"#elementor-action%3Aaction%3Dlightbox%26settings%3DeyJpZCI6MzQwMCwidXJsIjoiaHR0cHM6XC9cL3d3dy5mZXJyY29zLmVzXC93cC1jb250ZW50XC91cGxvYWRzXC8yMDI0XC8wM1wvYW1iLUxPTkctU1RJQ0stSE9ORVktYmFycmEtaW1hZ2VuLTEuanBnIiwic2xpZGVzaG93IjoiZjNiMTIzZiJ9\">\n\t\t\t\t\t<div class=\"e-gallery-image elementor-gallery-item__image\" data-thumbnail=\"https:\/\/www.ferrcos.es\/wp-content\/uploads\/2024\/03\/amb-LONG-STICK-HONEY-barra-imagen-1-768x575.jpg\" data-width=\"768\" data-height=\"575\" aria-label=\"\" role=\"img\" ><\/div>\n\t\t\t\t\t\t\t\t\t\t\t<div class=\"elementor-gallery-item__overlay\"><\/div>\n\t\t\t\t\t\t\t\t\t\t\t\t\t\t<\/a>\n\t\t\t\t\t<\/div>\n\t\t\t\t\t<\/div>\n\t\t\t\t\t<\/div>\n\t\t<\/div>\n\t\t\t\t\t<\/div>\n\t\t<\/section>\n\t\t\t\t<\/div>\n\t\t","protected":false},"excerpt":{"rendered":"<p>Chers clients et amis, Nous vous informons que Ferrcos sera ferm\u00e9 pour les vacances d&#8217;\u00e9t\u00e9 du 15 au 25 ao\u00fbt 2024 (les deux jours inclus). Pendant cette p\u00e9riode, notre showroom sera \u00e9galement ferm\u00e9 au public. Nous profiterons de ces journ\u00e9es pour nous ressourcer et revenir avec plus de force et d&#8217;enthousiasme le 26 ao\u00fbt 2024. [&hellip;]<\/p>\n","protected":false},"author":3,"featured_media":3373,"comment_status":"closed","ping_status":"closed","sticky":false,"template":"","format":"standard","meta":{"footnotes":""},"categories":[175],"tags":[88,112],"class_list":["post-4727","post","type-post","status-publish","format-standard","has-post-thumbnail","hentry","category-entreprise","tag-griferia-fr","tag-interiorismo-fr"],"_links":{"self":[{"href":"https:\/\/www.ferrcos.es\/fr\/wp-json\/wp\/v2\/posts\/4727","targetHints":{"allow":["GET"]}}],"collection":[{"href":"https:\/\/www.ferrcos.es\/fr\/wp-json\/wp\/v2\/posts"}],"about":[{"href":"https:\/\/www.ferrcos.es\/fr\/wp-json\/wp\/v2\/types\/post"}],"author":[{"embeddable":true,"href":"https:\/\/www.ferrcos.es\/fr\/wp-json\/wp\/v2\/users\/3"}],"replies":[{"embeddable":true,"href":"https:\/\/www.ferrcos.es\/fr\/wp-json\/wp\/v2\/comments?post=4727"}],"version-history":[{"count":5,"href":"https:\/\/www.ferrcos.es\/fr\/wp-json\/wp\/v2\/posts\/4727\/revisions"}],"predecessor-version":[{"id":4758,"href":"https:\/\/www.ferrcos.es\/fr\/wp-json\/wp\/v2\/posts\/4727\/revisions\/4758"}],"wp:featuredmedia":[{"embeddable":true,"href":"https:\/\/www.ferrcos.es\/fr\/wp-json\/wp\/v2\/media\/3373"}],"wp:attachment":[{"href":"https:\/\/www.ferrcos.es\/fr\/wp-json\/wp\/v2\/media?parent=4727"}],"wp:term":[{"taxonomy":"category","embeddable":true,"href":"https:\/\/www.ferrcos.es\/fr\/wp-json\/wp\/v2\/categories?post=4727"},{"taxonomy":"post_tag","embeddable":true,"href":"https:\/\/www.ferrcos.es\/fr\/wp-json\/wp\/v2\/tags?post=4727"}],"curies":[{"name":"wp","href":"https:\/\/api.w.org\/{rel}","templated":true}]}}