{"id":4541,"date":"2024-03-27T16:20:15","date_gmt":"2024-03-27T16:20:15","guid":{"rendered":"https:\/\/www.ferrcos.es\/?p=4541"},"modified":"2024-04-02T10:31:50","modified_gmt":"2024-04-02T10:31:50","slug":"flagship-primor-barcelona","status":"publish","type":"post","link":"https:\/\/www.ferrcos.es\/fr\/flagship-primor-barcelona\/","title":{"rendered":"Flagship Primor Barcelona"},"content":{"rendered":"\t\t<div data-elementor-type=\"wp-post\" data-elementor-id=\"4541\" class=\"elementor elementor-4541 elementor-4539\" data-elementor-settings=\"{&quot;ha_cmc_init_switcher&quot;:&quot;no&quot;}\" data-elementor-post-type=\"post\">\n\t\t\t\t\t\t<section class=\"elementor-section elementor-top-section elementor-element elementor-element-44d82e03 elementor-section-boxed elementor-section-height-default elementor-section-height-default\" data-id=\"44d82e03\" data-element_type=\"section\" data-e-type=\"section\" data-settings=\"{&quot;_ha_eqh_enable&quot;:false}\">\n\t\t\t\t\t\t<div class=\"elementor-container elementor-column-gap-default\">\n\t\t\t\t\t<div class=\"elementor-column elementor-col-100 elementor-top-column elementor-element elementor-element-7e6c50d4\" data-id=\"7e6c50d4\" data-element_type=\"column\" data-e-type=\"column\">\n\t\t\t<div class=\"elementor-widget-wrap elementor-element-populated\">\n\t\t\t\t\t\t<div class=\"elementor-element elementor-element-25bc0492 elementor-widget elementor-widget-text-editor\" data-id=\"25bc0492\" data-element_type=\"widget\" data-e-type=\"widget\" data-widget_type=\"text-editor.default\">\n\t\t\t\t\t\t\t\t\t<p style=\"font-weight: 400;\">Ferrcos a eu le privil\u00e8ge de contribuer \u00e0 la conception spectaculaire du studio de cr\u00e9ation WANNA pour Flagship store de la parfumerie Primor sur l&#8217;Avenida Portal de l\u2019\u00c0ngel \u00e0 Barcelone. Un espace de plus de 1 200 m2 inspir\u00e9 de l&#8217;univers de la peau. \u00ab Planeta Piel est le concept que nous avons d\u00e9velopp\u00e9 en 2020 pour le magasin Primor de Madrid, un projet qui joue autour de la peau, de ses textures, de ses formes et de ses couleurs, en le reliant au monde de la cosm\u00e9tique. Continuer \u00e0 \u00ab h\u00e9risser la peau \u00bb des clients, d\u00e9sormais \u00e0 Primor Barcelona, \u200b\u200ben s&#8217;adaptant aux singularit\u00e9s de l&#8217;espace, a sans aucun doute repr\u00e9sent\u00e9 un nouveau d\u00e9fi cr\u00e9atif et passionnant que nous avons beaucoup appr\u00e9ci\u00e9\u00bb, explique Esther Mengual, co-fondatrice de WANNA et Responsable des deux projets.<\/p><p style=\"font-weight: 400;\">Une plan\u00e8te ludique, amusante, color\u00e9e, organique, proche, cr\u00e9\u00e9e avec des mat\u00e9riaux d\u00e9contextualis\u00e9s. Une plan\u00e8te o\u00f9 les diff\u00e9rentes cat\u00e9gories de produits sont repr\u00e9sent\u00e9es dans des micro-mondes qui, \u00e0 leur tour, sont reli\u00e9s par des espaces de transition saisissants.<\/p><p style=\"font-weight: 400;\">\u00ab Nos magasins de Madrid et de Barcelone ont marqu\u00e9 un avant et un apr\u00e8s pour notre image de marque. Ils sont d\u00e9j\u00e0 des r\u00e9f\u00e9rences dans le secteur cosm\u00e9tique et nous adaptons certains de leurs \u00e9l\u00e9ments distinctifs dans d&#8217;autres de nos \u00e9tablissements. C&#8217;est le r\u00e9sultat du grand travail cr\u00e9atif et technique r\u00e9alis\u00e9 par WANNA \u00bb, d\u00e9clare le directeur g\u00e9n\u00e9ral de Perfumer\u00edas Primor, Juan Ricardo Hidalgo.<\/p><p style=\"font-weight: 400;\">&#8220;Pour nous, c&#8217;est un honneur que WANNA fasse confiance \u00e0 la qualit\u00e9 des produits et au savoir-faire de Ferrcos pour des projets aussi sp\u00e9ciaux que ceux-ci&#8221;, d\u00e9clare David Ferrer, PDG de Ferrcos.<\/p><p style=\"font-weight: 400;\">Couleurs, textures, volumes, luminosit\u00e9&#8230; la mat\u00e9rialit\u00e9 prend une importance particuli\u00e8re dans ce projet con\u00e7u en d\u00e9tail par WANNA o\u00f9 Ferrcos a fourni des mat\u00e9riaux qui contribuent \u00e0 r\u00e9pondre \u00e0 la demande du client : &#8220;cr\u00e9er un magasin avec un effet WOW&#8221;.<\/p>\t\t\t\t\t\t\t\t<\/div>\n\t\t\t\t\t<\/div>\n\t\t<\/div>\n\t\t\t\t\t<\/div>\n\t\t<\/section>\n\t\t\t\t<section class=\"elementor-section elementor-top-section elementor-element elementor-element-91abb2f elementor-section-boxed elementor-section-height-default elementor-section-height-default\" data-id=\"91abb2f\" data-element_type=\"section\" data-e-type=\"section\" data-settings=\"{&quot;_ha_eqh_enable&quot;:false}\">\n\t\t\t\t\t\t<div class=\"elementor-container elementor-column-gap-default\">\n\t\t\t\t\t<div class=\"elementor-column elementor-col-100 elementor-top-column elementor-element elementor-element-6667d41\" data-id=\"6667d41\" data-element_type=\"column\" data-e-type=\"column\">\n\t\t\t<div class=\"elementor-widget-wrap elementor-element-populated\">\n\t\t\t\t\t\t<div class=\"elementor-element elementor-element-c38cb61 elementor-widget elementor-widget-gallery\" data-id=\"c38cb61\" data-element_type=\"widget\" data-e-type=\"widget\" data-settings=\"{&quot;gallery_layout&quot;:&quot;grid&quot;,&quot;columns&quot;:4,&quot;columns_tablet&quot;:2,&quot;columns_mobile&quot;:1,&quot;gap&quot;:{&quot;unit&quot;:&quot;px&quot;,&quot;size&quot;:10,&quot;sizes&quot;:[]},&quot;gap_tablet&quot;:{&quot;unit&quot;:&quot;px&quot;,&quot;size&quot;:10,&quot;sizes&quot;:[]},&quot;gap_mobile&quot;:{&quot;unit&quot;:&quot;px&quot;,&quot;size&quot;:10,&quot;sizes&quot;:[]},&quot;link_to&quot;:&quot;file&quot;,&quot;aspect_ratio&quot;:&quot;3:2&quot;,&quot;overlay_background&quot;:&quot;yes&quot;,&quot;content_hover_animation&quot;:&quot;fade-in&quot;}\" data-widget_type=\"gallery.default\">\n\t\t\t\t\t\t\t<div class=\"elementor-gallery__container\">\n\t\t\t\t\t\t\t<a class=\"e-gallery-item elementor-gallery-item elementor-animated-content\" href=\"https:\/\/www.ferrcos.es\/wp-content\/uploads\/2024\/04\/DSC_0212-Primor-BCN-\u00b7-Wanna-Photo-\u00b7-Javier-de-Paz-Garcia-scaled.jpg\" data-elementor-open-lightbox=\"yes\" data-elementor-lightbox-slideshow=\"c38cb61\" data-elementor-lightbox-title=\"DSC_0212 Primor BCN \u00b7 Wanna - Photo \u00b7 Javier de Paz Garcia\" data-e-action-hash=\"#elementor-action%3Aaction%3Dlightbox%26settings%3DeyJpZCI6NDYyNSwidXJsIjoiaHR0cHM6XC9cL3d3dy5mZXJyY29zLmVzXC93cC1jb250ZW50XC91cGxvYWRzXC8yMDI0XC8wNFwvRFNDXzAyMTItUHJpbW9yLUJDTi1cdTAwYjctV2FubmEtUGhvdG8tXHUwMGI3LUphdmllci1kZS1QYXotR2FyY2lhLXNjYWxlZC5qcGciLCJzbGlkZXNob3ciOiJjMzhjYjYxIn0%3D\">\n\t\t\t\t\t<div class=\"e-gallery-image elementor-gallery-item__image\" data-thumbnail=\"https:\/\/www.ferrcos.es\/wp-content\/uploads\/2024\/04\/DSC_0212-Primor-BCN-\u00b7-Wanna-Photo-\u00b7-Javier-de-Paz-Garcia-768x1028.jpg\" data-width=\"768\" data-height=\"1028\" aria-label=\"\" role=\"img\" ><\/div>\n\t\t\t\t\t\t\t\t\t\t\t<div class=\"elementor-gallery-item__overlay\"><\/div>\n\t\t\t\t\t\t\t\t\t\t\t\t\t\t<\/a>\n\t\t\t\t\t\t\t<a class=\"e-gallery-item elementor-gallery-item elementor-animated-content\" href=\"https:\/\/www.ferrcos.es\/wp-content\/uploads\/2024\/03\/DSC_1794-PanoPrimorCallao\u00b7WannaRockYou-Photo\u00b7JavierdePazGarcia-1-scaled.jpg\" data-elementor-open-lightbox=\"yes\" data-elementor-lightbox-slideshow=\"c38cb61\" data-elementor-lightbox-title=\"DSC_1794-Pano+Primor+Callao+\u00b7+Wanna+Rock+You+-+Photo+\u00b7+Javier+de+Paz+Garcia\" data-e-action-hash=\"#elementor-action%3Aaction%3Dlightbox%26settings%3DeyJpZCI6NDU2OSwidXJsIjoiaHR0cHM6XC9cL3d3dy5mZXJyY29zLmVzXC93cC1jb250ZW50XC91cGxvYWRzXC8yMDI0XC8wM1wvRFNDXzE3OTQtUGFub1ByaW1vckNhbGxhb1x1MDBiN1dhbm5hUm9ja1lvdS1QaG90b1x1MDBiN0phdmllcmRlUGF6R2FyY2lhLTEtc2NhbGVkLmpwZyIsInNsaWRlc2hvdyI6ImMzOGNiNjEifQ%3D%3D\">\n\t\t\t\t\t<div class=\"e-gallery-image elementor-gallery-item__image\" data-thumbnail=\"https:\/\/www.ferrcos.es\/wp-content\/uploads\/2024\/03\/DSC_1794-PanoPrimorCallao\u00b7WannaRockYou-Photo\u00b7JavierdePazGarcia-1-768x910.jpg\" data-width=\"768\" data-height=\"910\" aria-label=\"\" role=\"img\" ><\/div>\n\t\t\t\t\t\t\t\t\t\t\t<div class=\"elementor-gallery-item__overlay\"><\/div>\n\t\t\t\t\t\t\t\t\t\t\t\t\t\t<\/a>\n\t\t\t\t\t\t\t<a class=\"e-gallery-item elementor-gallery-item elementor-animated-content\" href=\"https:\/\/www.ferrcos.es\/wp-content\/uploads\/2024\/03\/DSC_0246-Primor-BCN-\u00b7-Wanna-Photo-\u00b7-Javier-de-Paz-Garcia-scaled.jpg\" data-elementor-open-lightbox=\"yes\" data-elementor-lightbox-slideshow=\"c38cb61\" data-elementor-lightbox-title=\"DSC_0246 Primor BCN \u00b7 Wanna - Photo \u00b7 Javier de Paz Garcia\" data-e-action-hash=\"#elementor-action%3Aaction%3Dlightbox%26settings%3DeyJpZCI6NDU2MywidXJsIjoiaHR0cHM6XC9cL3d3dy5mZXJyY29zLmVzXC93cC1jb250ZW50XC91cGxvYWRzXC8yMDI0XC8wM1wvRFNDXzAyNDYtUHJpbW9yLUJDTi1cdTAwYjctV2FubmEtUGhvdG8tXHUwMGI3LUphdmllci1kZS1QYXotR2FyY2lhLXNjYWxlZC5qcGciLCJzbGlkZXNob3ciOiJjMzhjYjYxIn0%3D\">\n\t\t\t\t\t<div class=\"e-gallery-image elementor-gallery-item__image\" data-thumbnail=\"https:\/\/www.ferrcos.es\/wp-content\/uploads\/2024\/03\/DSC_0246-Primor-BCN-\u00b7-Wanna-Photo-\u00b7-Javier-de-Paz-Garcia-768x799.jpg\" data-width=\"768\" data-height=\"799\" aria-label=\"\" role=\"img\" ><\/div>\n\t\t\t\t\t\t\t\t\t\t\t<div class=\"elementor-gallery-item__overlay\"><\/div>\n\t\t\t\t\t\t\t\t\t\t\t\t\t\t<\/a>\n\t\t\t\t\t\t\t<a class=\"e-gallery-item elementor-gallery-item elementor-animated-content\" href=\"https:\/\/www.ferrcos.es\/wp-content\/uploads\/2024\/03\/DSC_9649-Primor-BCN-\u00b7-Wanna-Photo-\u00b7-Javier-de-Paz-Garcia-scaled.jpg\" data-elementor-open-lightbox=\"yes\" data-elementor-lightbox-slideshow=\"c38cb61\" data-elementor-lightbox-title=\"DSC_9649 Primor BCN \u00b7 Wanna - Photo \u00b7 Javier de Paz Garcia\" data-e-action-hash=\"#elementor-action%3Aaction%3Dlightbox%26settings%3DeyJpZCI6NDU0OCwidXJsIjoiaHR0cHM6XC9cL3d3dy5mZXJyY29zLmVzXC93cC1jb250ZW50XC91cGxvYWRzXC8yMDI0XC8wM1wvRFNDXzk2NDktUHJpbW9yLUJDTi1cdTAwYjctV2FubmEtUGhvdG8tXHUwMGI3LUphdmllci1kZS1QYXotR2FyY2lhLXNjYWxlZC5qcGciLCJzbGlkZXNob3ciOiJjMzhjYjYxIn0%3D\">\n\t\t\t\t\t<div class=\"e-gallery-image elementor-gallery-item__image\" data-thumbnail=\"https:\/\/www.ferrcos.es\/wp-content\/uploads\/2024\/03\/DSC_9649-Primor-BCN-\u00b7-Wanna-Photo-\u00b7-Javier-de-Paz-Garcia-768x1152.jpg\" data-width=\"768\" data-height=\"1152\" aria-label=\"\" role=\"img\" ><\/div>\n\t\t\t\t\t\t\t\t\t\t\t<div class=\"elementor-gallery-item__overlay\"><\/div>\n\t\t\t\t\t\t\t\t\t\t\t\t\t\t<\/a>\n\t\t\t\t\t\t\t<a class=\"e-gallery-item elementor-gallery-item elementor-animated-content\" href=\"https:\/\/www.ferrcos.es\/wp-content\/uploads\/2024\/03\/DSC_9869-Primor-BCN-\u00b7-Wanna-Photo-\u00b7-Javier-de-Paz-Garcia-scaled.jpg\" data-elementor-open-lightbox=\"yes\" data-elementor-lightbox-slideshow=\"c38cb61\" data-elementor-lightbox-title=\"DSC_9869 Primor BCN \u00b7 Wanna - Photo \u00b7 Javier de Paz Garcia\" data-e-action-hash=\"#elementor-action%3Aaction%3Dlightbox%26settings%3DeyJpZCI6NDU1MSwidXJsIjoiaHR0cHM6XC9cL3d3dy5mZXJyY29zLmVzXC93cC1jb250ZW50XC91cGxvYWRzXC8yMDI0XC8wM1wvRFNDXzk4NjktUHJpbW9yLUJDTi1cdTAwYjctV2FubmEtUGhvdG8tXHUwMGI3LUphdmllci1kZS1QYXotR2FyY2lhLXNjYWxlZC5qcGciLCJzbGlkZXNob3ciOiJjMzhjYjYxIn0%3D\">\n\t\t\t\t\t<div class=\"e-gallery-image elementor-gallery-item__image\" data-thumbnail=\"https:\/\/www.ferrcos.es\/wp-content\/uploads\/2024\/03\/DSC_9869-Primor-BCN-\u00b7-Wanna-Photo-\u00b7-Javier-de-Paz-Garcia-768x925.jpg\" data-width=\"768\" data-height=\"925\" aria-label=\"\" role=\"img\" ><\/div>\n\t\t\t\t\t\t\t\t\t\t\t<div class=\"elementor-gallery-item__overlay\"><\/div>\n\t\t\t\t\t\t\t\t\t\t\t\t\t\t<\/a>\n\t\t\t\t\t\t\t<a class=\"e-gallery-item elementor-gallery-item elementor-animated-content\" href=\"https:\/\/www.ferrcos.es\/wp-content\/uploads\/2024\/03\/Plano-Primor-BCN-\u00b7-Wanna-Photo-\u00b7-Javier-de-Paz-Garcia-scaled.jpg\" data-elementor-open-lightbox=\"yes\" data-elementor-lightbox-slideshow=\"c38cb61\" data-elementor-lightbox-title=\"Plano Primor BCN \u00b7 Wanna - Photo \u00b7 Javier de Paz Garcia\" data-e-action-hash=\"#elementor-action%3Aaction%3Dlightbox%26settings%3DeyJpZCI6NDU1NCwidXJsIjoiaHR0cHM6XC9cL3d3dy5mZXJyY29zLmVzXC93cC1jb250ZW50XC91cGxvYWRzXC8yMDI0XC8wM1wvUGxhbm8tUHJpbW9yLUJDTi1cdTAwYjctV2FubmEtUGhvdG8tXHUwMGI3LUphdmllci1kZS1QYXotR2FyY2lhLXNjYWxlZC5qcGciLCJzbGlkZXNob3ciOiJjMzhjYjYxIn0%3D\">\n\t\t\t\t\t<div class=\"e-gallery-image elementor-gallery-item__image\" data-thumbnail=\"https:\/\/www.ferrcos.es\/wp-content\/uploads\/2024\/03\/Plano-Primor-BCN-\u00b7-Wanna-Photo-\u00b7-Javier-de-Paz-Garcia-768x621.jpg\" data-width=\"768\" data-height=\"621\" aria-label=\"\" role=\"img\" ><\/div>\n\t\t\t\t\t\t\t\t\t\t\t<div class=\"elementor-gallery-item__overlay\"><\/div>\n\t\t\t\t\t\t\t\t\t\t\t\t\t\t<\/a>\n\t\t\t\t\t\t\t<a class=\"e-gallery-item elementor-gallery-item elementor-animated-content\" href=\"https:\/\/www.ferrcos.es\/wp-content\/uploads\/2024\/03\/DSC_0207-Primor-BCN-\u00b7-Wanna-Photo-\u00b7-Javier-de-Paz-Garcia-scaled.jpg\" data-elementor-open-lightbox=\"yes\" data-elementor-lightbox-slideshow=\"c38cb61\" data-elementor-lightbox-title=\"DSC_0207 Primor BCN \u00b7 Wanna - Photo \u00b7 Javier de Paz Garcia\" data-e-action-hash=\"#elementor-action%3Aaction%3Dlightbox%26settings%3DeyJpZCI6NDU1NywidXJsIjoiaHR0cHM6XC9cL3d3dy5mZXJyY29zLmVzXC93cC1jb250ZW50XC91cGxvYWRzXC8yMDI0XC8wM1wvRFNDXzAyMDctUHJpbW9yLUJDTi1cdTAwYjctV2FubmEtUGhvdG8tXHUwMGI3LUphdmllci1kZS1QYXotR2FyY2lhLXNjYWxlZC5qcGciLCJzbGlkZXNob3ciOiJjMzhjYjYxIn0%3D\">\n\t\t\t\t\t<div class=\"e-gallery-image elementor-gallery-item__image\" data-thumbnail=\"https:\/\/www.ferrcos.es\/wp-content\/uploads\/2024\/03\/DSC_0207-Primor-BCN-\u00b7-Wanna-Photo-\u00b7-Javier-de-Paz-Garcia-768x924.jpg\" data-width=\"768\" data-height=\"924\" aria-label=\"\" role=\"img\" ><\/div>\n\t\t\t\t\t\t\t\t\t\t\t<div class=\"elementor-gallery-item__overlay\"><\/div>\n\t\t\t\t\t\t\t\t\t\t\t\t\t\t<\/a>\n\t\t\t\t\t\t\t<a class=\"e-gallery-item elementor-gallery-item elementor-animated-content\" href=\"https:\/\/www.ferrcos.es\/wp-content\/uploads\/2024\/03\/DSC_0220-Pano-Primor-BCN-\u00b7-Wanna-Photo-\u00b7-Javier-de-Paz-Garcia-scaled.jpg\" data-elementor-open-lightbox=\"yes\" data-elementor-lightbox-slideshow=\"c38cb61\" data-elementor-lightbox-title=\"DSC_0220-Pano Primor BCN \u00b7 Wanna - Photo \u00b7 Javier de Paz Garcia\" data-e-action-hash=\"#elementor-action%3Aaction%3Dlightbox%26settings%3DeyJpZCI6NDU2MCwidXJsIjoiaHR0cHM6XC9cL3d3dy5mZXJyY29zLmVzXC93cC1jb250ZW50XC91cGxvYWRzXC8yMDI0XC8wM1wvRFNDXzAyMjAtUGFuby1Qcmltb3ItQkNOLVx1MDBiNy1XYW5uYS1QaG90by1cdTAwYjctSmF2aWVyLWRlLVBhei1HYXJjaWEtc2NhbGVkLmpwZyIsInNsaWRlc2hvdyI6ImMzOGNiNjEifQ%3D%3D\">\n\t\t\t\t\t<div class=\"e-gallery-image elementor-gallery-item__image\" data-thumbnail=\"https:\/\/www.ferrcos.es\/wp-content\/uploads\/2024\/03\/DSC_0220-Pano-Primor-BCN-\u00b7-Wanna-Photo-\u00b7-Javier-de-Paz-Garcia-768x607.jpg\" data-width=\"768\" data-height=\"607\" aria-label=\"\" role=\"img\" ><\/div>\n\t\t\t\t\t\t\t\t\t\t\t<div class=\"elementor-gallery-item__overlay\"><\/div>\n\t\t\t\t\t\t\t\t\t\t\t\t\t\t<\/a>\n\t\t\t\t\t<\/div>\n\t\t\t\t\t<\/div>\n\t\t\t\t\t<\/div>\n\t\t<\/div>\n\t\t\t\t\t<\/div>\n\t\t<\/section>\n\t\t\t\t<\/div>\n\t\t","protected":false},"excerpt":{"rendered":"<p>Ferrcos a eu le privil\u00e8ge de contribuer \u00e0 la conception spectaculaire du studio de cr\u00e9ation WANNA pour Flagship store de la parfumerie Primor sur l&#8217;Avenida Portal de l\u2019\u00c0ngel \u00e0 Barcelone. Un espace de plus de 1 200 m2 inspir\u00e9 de l&#8217;univers de la peau. \u00ab Planeta Piel est le concept que nous avons d\u00e9velopp\u00e9 en [&hellip;]<\/p>\n","protected":false},"author":3,"featured_media":4544,"comment_status":"closed","ping_status":"closed","sticky":false,"template":"","format":"standard","meta":{"footnotes":""},"categories":[109,110],"tags":[112,151],"class_list":["post-4541","post","type-post","status-publish","format-standard","has-post-thumbnail","hentry","category-comercial-fr","category-proyectos-fr","tag-interiorismo-fr","tag-proyectos-fr"],"_links":{"self":[{"href":"https:\/\/www.ferrcos.es\/fr\/wp-json\/wp\/v2\/posts\/4541","targetHints":{"allow":["GET"]}}],"collection":[{"href":"https:\/\/www.ferrcos.es\/fr\/wp-json\/wp\/v2\/posts"}],"about":[{"href":"https:\/\/www.ferrcos.es\/fr\/wp-json\/wp\/v2\/types\/post"}],"author":[{"embeddable":true,"href":"https:\/\/www.ferrcos.es\/fr\/wp-json\/wp\/v2\/users\/3"}],"replies":[{"embeddable":true,"href":"https:\/\/www.ferrcos.es\/fr\/wp-json\/wp\/v2\/comments?post=4541"}],"version-history":[{"count":4,"href":"https:\/\/www.ferrcos.es\/fr\/wp-json\/wp\/v2\/posts\/4541\/revisions"}],"predecessor-version":[{"id":4633,"href":"https:\/\/www.ferrcos.es\/fr\/wp-json\/wp\/v2\/posts\/4541\/revisions\/4633"}],"wp:featuredmedia":[{"embeddable":true,"href":"https:\/\/www.ferrcos.es\/fr\/wp-json\/wp\/v2\/media\/4544"}],"wp:attachment":[{"href":"https:\/\/www.ferrcos.es\/fr\/wp-json\/wp\/v2\/media?parent=4541"}],"wp:term":[{"taxonomy":"category","embeddable":true,"href":"https:\/\/www.ferrcos.es\/fr\/wp-json\/wp\/v2\/categories?post=4541"},{"taxonomy":"post_tag","embeddable":true,"href":"https:\/\/www.ferrcos.es\/fr\/wp-json\/wp\/v2\/tags?post=4541"}],"curies":[{"name":"wp","href":"https:\/\/api.w.org\/{rel}","templated":true}]}}