{"id":4377,"date":"2024-03-14T10:01:47","date_gmt":"2024-03-14T10:01:47","guid":{"rendered":"https:\/\/www.ferrcos.es\/?p=4377"},"modified":"2024-03-27T08:46:51","modified_gmt":"2024-03-27T08:46:51","slug":"collections-ted-x-et-sen","status":"publish","type":"post","link":"https:\/\/www.ferrcos.es\/fr\/collections-ted-x-et-sen\/","title":{"rendered":"Collections TED, X et SEN"},"content":{"rendered":"\t\t<div data-elementor-type=\"wp-post\" data-elementor-id=\"4377\" class=\"elementor elementor-4377 elementor-4375\" data-elementor-settings=\"{&quot;ha_cmc_init_switcher&quot;:&quot;no&quot;}\" data-elementor-post-type=\"post\">\n\t\t\t\t\t\t<section class=\"elementor-section elementor-top-section elementor-element elementor-element-44d82e03 elementor-section-boxed elementor-section-height-default elementor-section-height-default\" data-id=\"44d82e03\" data-element_type=\"section\" data-e-type=\"section\" data-settings=\"{&quot;_ha_eqh_enable&quot;:false}\">\n\t\t\t\t\t\t<div class=\"elementor-container elementor-column-gap-default\">\n\t\t\t\t\t<div class=\"elementor-column elementor-col-100 elementor-top-column elementor-element elementor-element-7e6c50d4\" data-id=\"7e6c50d4\" data-element_type=\"column\" data-e-type=\"column\">\n\t\t\t<div class=\"elementor-widget-wrap elementor-element-populated\">\n\t\t\t\t\t\t<div class=\"elementor-element elementor-element-25bc0492 elementor-widget elementor-widget-text-editor\" data-id=\"25bc0492\" data-element_type=\"widget\" data-e-type=\"widget\" data-widget_type=\"text-editor.default\">\n\t\t\t\t\t\t\t\t\t<p style=\"font-weight: 400;\">D\u00e9couvrez les nouvelles collections d&#8217;accessoires de salle de bain TED, X et SEN pr\u00e9sent\u00e9s par Ferrcos pour rehausser le style et la fonctionnalit\u00e9 de votre salle de bain.<\/p><p style=\"font-weight: 400;\">Nous avons commenc\u00e9 par la s\u00e9rie TED, un outil innovant con\u00e7u par Daniele Dalla Pellegrina qui red\u00e9finit l&#8217;organisation dans la salle de bain. Cet accessoire de sol est r\u00e9glable en hauteur et dispose d&#8217;un compartiment de rangement, d&#8217;un porte-serviettes et d&#8217;un porte-papier toilette, le tout en acier inoxydable poli. La base et l&#8217;\u00e9tag\u00e8re \u00e0 surface solide blanche assurent une parfaite int\u00e9gration avec les meubles, les lavabos, les baignoires ou les toilettes, offrant praticit\u00e9 et style dans les moindres d\u00e9tails.<\/p><p style=\"font-weight: 400;\">D&#8217;autre part, la s\u00e9rie X con\u00e7ue par Benedini Associati, se pr\u00e9sente comme une option polyvalente en ch\u00eane naturel, disponible dans les tons marron, fonc\u00e9s, teints en teck ou peints en blanc ou gris. Cette structure peut \u00eatre compl\u00e9t\u00e9e par un plateau qui fait \u00e0 la fois office de table d&#8217;appoint et de meuble de rangement. Sans le plateau, la structure haute se transforme en un porte-serviettes utile, ajoutant fonctionnalit\u00e9 et \u00e9l\u00e9gance \u00e0 votre espace salle de bain.<\/p><p style=\"font-weight: 400;\">Enfin, la s\u00e9rie SEN con\u00e7ue par Gwenael Nicolas, Curiosity, se d\u00e9marque par ses accessoires en aluminium anodis\u00e9 bross\u00e9 avec une finition noire attrayante, qui s&#8217;int\u00e8grent parfaitement \u00e0 la s\u00e9rie de robinetterie du m\u00eame nom. La forme particuli\u00e8re de ces accessoires muraux les rend id\u00e9aux pour des surfaces parfaitement planes, apportant une touche de modernit\u00e9 et de sophistication \u00e0 votre salle de bain.<\/p><p style=\"font-weight: 400;\">En r\u00e9sum\u00e9, les nouvelles collections d&#8217;accessoires de salle de bain TED, X et SEN offrent une combinaison parfaite de style, de fonctionnalit\u00e9 et de qualit\u00e9, vous permettant de cr\u00e9er un espace de salle de bain unique et personnalis\u00e9 qui refl\u00e8te votre bon go\u00fbt et votre souci du d\u00e9tail.<\/p>\t\t\t\t\t\t\t\t<\/div>\n\t\t\t\t\t<\/div>\n\t\t<\/div>\n\t\t\t\t\t<\/div>\n\t\t<\/section>\n\t\t\t\t<section class=\"elementor-section elementor-top-section elementor-element elementor-element-1bc1120 elementor-section-boxed elementor-section-height-default elementor-section-height-default\" data-id=\"1bc1120\" data-element_type=\"section\" data-e-type=\"section\" data-settings=\"{&quot;_ha_eqh_enable&quot;:false}\">\n\t\t\t\t\t\t<div class=\"elementor-container elementor-column-gap-default\">\n\t\t\t\t\t<div class=\"elementor-column elementor-col-100 elementor-top-column elementor-element elementor-element-bf48632\" data-id=\"bf48632\" data-element_type=\"column\" data-e-type=\"column\">\n\t\t\t<div class=\"elementor-widget-wrap elementor-element-populated\">\n\t\t\t\t\t\t<div class=\"elementor-element elementor-element-72a9ab0 elementor-widget elementor-widget-gallery\" data-id=\"72a9ab0\" data-element_type=\"widget\" data-e-type=\"widget\" data-settings=\"{&quot;gallery_layout&quot;:&quot;grid&quot;,&quot;columns&quot;:4,&quot;columns_tablet&quot;:2,&quot;columns_mobile&quot;:1,&quot;gap&quot;:{&quot;unit&quot;:&quot;px&quot;,&quot;size&quot;:10,&quot;sizes&quot;:[]},&quot;gap_tablet&quot;:{&quot;unit&quot;:&quot;px&quot;,&quot;size&quot;:10,&quot;sizes&quot;:[]},&quot;gap_mobile&quot;:{&quot;unit&quot;:&quot;px&quot;,&quot;size&quot;:10,&quot;sizes&quot;:[]},&quot;link_to&quot;:&quot;file&quot;,&quot;aspect_ratio&quot;:&quot;3:2&quot;,&quot;overlay_background&quot;:&quot;yes&quot;,&quot;content_hover_animation&quot;:&quot;fade-in&quot;}\" data-widget_type=\"gallery.default\">\n\t\t\t\t\t\t\t<div class=\"elementor-gallery__container\">\n\t\t\t\t\t\t\t<a class=\"e-gallery-item elementor-gallery-item elementor-animated-content\" href=\"https:\/\/www.ferrcos.es\/wp-content\/uploads\/2024\/03\/200112-Agape_Colonia-HR-1200307.jpg\" data-elementor-open-lightbox=\"yes\" data-elementor-lightbox-slideshow=\"72a9ab0\" data-elementor-lightbox-title=\"200112-Agape_Colonia-HR-1200307\" data-e-action-hash=\"#elementor-action%3Aaction%3Dlightbox%26settings%3DeyJpZCI6NDM4NywidXJsIjoiaHR0cHM6XC9cL3d3dy5mZXJyY29zLmVzXC93cC1jb250ZW50XC91cGxvYWRzXC8yMDI0XC8wM1wvMjAwMTEyLUFnYXBlX0NvbG9uaWEtSFItMTIwMDMwNy5qcGciLCJzbGlkZXNob3ciOiI3MmE5YWIwIn0%3D\">\n\t\t\t\t\t<div class=\"e-gallery-image elementor-gallery-item__image\" data-thumbnail=\"https:\/\/www.ferrcos.es\/wp-content\/uploads\/2024\/03\/200112-Agape_Colonia-HR-1200307-768x1081.jpg\" data-width=\"768\" data-height=\"1081\" aria-label=\"\" role=\"img\" ><\/div>\n\t\t\t\t\t\t\t\t\t\t\t<div class=\"elementor-gallery-item__overlay\"><\/div>\n\t\t\t\t\t\t\t\t\t\t\t\t\t\t<\/a>\n\t\t\t\t\t\t\t<a class=\"e-gallery-item elementor-gallery-item elementor-animated-content\" href=\"https:\/\/www.ferrcos.es\/wp-content\/uploads\/2024\/03\/SEN_WC_BIDET.jpg\" data-elementor-open-lightbox=\"yes\" data-elementor-lightbox-slideshow=\"72a9ab0\" data-elementor-lightbox-title=\"SEN_WC_BIDET\" data-e-action-hash=\"#elementor-action%3Aaction%3Dlightbox%26settings%3DeyJpZCI6NDM5MCwidXJsIjoiaHR0cHM6XC9cL3d3dy5mZXJyY29zLmVzXC93cC1jb250ZW50XC91cGxvYWRzXC8yMDI0XC8wM1wvU0VOX1dDX0JJREVULmpwZyIsInNsaWRlc2hvdyI6IjcyYTlhYjAifQ%3D%3D\">\n\t\t\t\t\t<div class=\"e-gallery-image elementor-gallery-item__image\" data-thumbnail=\"https:\/\/www.ferrcos.es\/wp-content\/uploads\/2024\/03\/SEN_WC_BIDET-768x781.jpg\" data-width=\"768\" data-height=\"781\" aria-label=\"\" role=\"img\" ><\/div>\n\t\t\t\t\t\t\t\t\t\t\t<div class=\"elementor-gallery-item__overlay\"><\/div>\n\t\t\t\t\t\t\t\t\t\t\t\t\t\t<\/a>\n\t\t\t\t\t\t\t<a class=\"e-gallery-item elementor-gallery-item elementor-animated-content\" href=\"https:\/\/www.ferrcos.es\/wp-content\/uploads\/2024\/03\/AGP-BN-348.jpg\" data-elementor-open-lightbox=\"yes\" data-elementor-lightbox-slideshow=\"72a9ab0\" data-elementor-lightbox-title=\"AGP-BN-348\" data-e-action-hash=\"#elementor-action%3Aaction%3Dlightbox%26settings%3DeyJpZCI6NDM5NiwidXJsIjoiaHR0cHM6XC9cL3d3dy5mZXJyY29zLmVzXC93cC1jb250ZW50XC91cGxvYWRzXC8yMDI0XC8wM1wvQUdQLUJOLTM0OC5qcGciLCJzbGlkZXNob3ciOiI3MmE5YWIwIn0%3D\">\n\t\t\t\t\t<div class=\"e-gallery-image elementor-gallery-item__image\" data-thumbnail=\"https:\/\/www.ferrcos.es\/wp-content\/uploads\/2024\/03\/AGP-BN-348-768x1152.jpg\" data-width=\"768\" data-height=\"1152\" aria-label=\"\" role=\"img\" ><\/div>\n\t\t\t\t\t\t\t\t\t\t\t<div class=\"elementor-gallery-item__overlay\"><\/div>\n\t\t\t\t\t\t\t\t\t\t\t\t\t\t<\/a>\n\t\t\t\t\t\t\t<a class=\"e-gallery-item elementor-gallery-item elementor-animated-content\" href=\"https:\/\/www.ferrcos.es\/wp-content\/uploads\/2024\/03\/TED_2_USI.jpg\" data-elementor-open-lightbox=\"yes\" data-elementor-lightbox-slideshow=\"72a9ab0\" data-elementor-lightbox-title=\"TED_2_USI\" data-e-action-hash=\"#elementor-action%3Aaction%3Dlightbox%26settings%3DeyJpZCI6NDM5MywidXJsIjoiaHR0cHM6XC9cL3d3dy5mZXJyY29zLmVzXC93cC1jb250ZW50XC91cGxvYWRzXC8yMDI0XC8wM1wvVEVEXzJfVVNJLmpwZyIsInNsaWRlc2hvdyI6IjcyYTlhYjAifQ%3D%3D\">\n\t\t\t\t\t<div class=\"e-gallery-image elementor-gallery-item__image\" data-thumbnail=\"https:\/\/www.ferrcos.es\/wp-content\/uploads\/2024\/03\/TED_2_USI-768x732.jpg\" data-width=\"768\" data-height=\"732\" aria-label=\"\" role=\"img\" ><\/div>\n\t\t\t\t\t\t\t\t\t\t\t<div class=\"elementor-gallery-item__overlay\"><\/div>\n\t\t\t\t\t\t\t\t\t\t\t\t\t\t<\/a>\n\t\t\t\t\t<\/div>\n\t\t\t\t\t<\/div>\n\t\t\t\t\t<\/div>\n\t\t<\/div>\n\t\t\t\t\t<\/div>\n\t\t<\/section>\n\t\t\t\t<\/div>\n\t\t","protected":false},"excerpt":{"rendered":"<p>D\u00e9couvrez les nouvelles collections d&#8217;accessoires de salle de bain TED, X et SEN pr\u00e9sent\u00e9s par Ferrcos pour rehausser le style et la fonctionnalit\u00e9 de votre salle de bain. Nous avons commenc\u00e9 par la s\u00e9rie TED, un outil innovant con\u00e7u par Daniele Dalla Pellegrina qui red\u00e9finit l&#8217;organisation dans la salle de bain. Cet accessoire de sol [&hellip;]<\/p>\n","protected":false},"author":3,"featured_media":4380,"comment_status":"closed","ping_status":"closed","sticky":false,"template":"","format":"standard","meta":{"footnotes":""},"categories":[81,82],"tags":[83,84],"class_list":["post-4377","post","type-post","status-publish","format-standard","has-post-thumbnail","hentry","category-nuevas-colecciones-complementos-bano-fr","category-productos-fr","tag-bano-fr","tag-complementos-bano-fr"],"_links":{"self":[{"href":"https:\/\/www.ferrcos.es\/fr\/wp-json\/wp\/v2\/posts\/4377","targetHints":{"allow":["GET"]}}],"collection":[{"href":"https:\/\/www.ferrcos.es\/fr\/wp-json\/wp\/v2\/posts"}],"about":[{"href":"https:\/\/www.ferrcos.es\/fr\/wp-json\/wp\/v2\/types\/post"}],"author":[{"embeddable":true,"href":"https:\/\/www.ferrcos.es\/fr\/wp-json\/wp\/v2\/users\/3"}],"replies":[{"embeddable":true,"href":"https:\/\/www.ferrcos.es\/fr\/wp-json\/wp\/v2\/comments?post=4377"}],"version-history":[{"count":4,"href":"https:\/\/www.ferrcos.es\/fr\/wp-json\/wp\/v2\/posts\/4377\/revisions"}],"predecessor-version":[{"id":4530,"href":"https:\/\/www.ferrcos.es\/fr\/wp-json\/wp\/v2\/posts\/4377\/revisions\/4530"}],"wp:featuredmedia":[{"embeddable":true,"href":"https:\/\/www.ferrcos.es\/fr\/wp-json\/wp\/v2\/media\/4380"}],"wp:attachment":[{"href":"https:\/\/www.ferrcos.es\/fr\/wp-json\/wp\/v2\/media?parent=4377"}],"wp:term":[{"taxonomy":"category","embeddable":true,"href":"https:\/\/www.ferrcos.es\/fr\/wp-json\/wp\/v2\/categories?post=4377"},{"taxonomy":"post_tag","embeddable":true,"href":"https:\/\/www.ferrcos.es\/fr\/wp-json\/wp\/v2\/tags?post=4377"}],"curies":[{"name":"wp","href":"https:\/\/api.w.org\/{rel}","templated":true}]}}