{"id":3670,"date":"2024-02-09T09:47:39","date_gmt":"2024-02-09T09:47:39","guid":{"rendered":"https:\/\/www.ferrcos.es\/vivienda-en-moraira\/"},"modified":"2024-03-12T08:57:54","modified_gmt":"2024-03-12T08:57:54","slug":"vivienda-en-moraira","status":"publish","type":"post","link":"https:\/\/www.ferrcos.es\/fr\/vivienda-en-moraira\/","title":{"rendered":"Logement \u00e0 Moraira"},"content":{"rendered":"\t\t<div data-elementor-type=\"wp-post\" data-elementor-id=\"3670\" class=\"elementor elementor-3670 elementor-2013\" data-elementor-settings=\"{&quot;ha_cmc_init_switcher&quot;:&quot;no&quot;}\" data-elementor-post-type=\"post\">\n\t\t\t\t\t\t<section class=\"elementor-section elementor-top-section elementor-element elementor-element-44d82e03 elementor-section-boxed elementor-section-height-default elementor-section-height-default\" data-id=\"44d82e03\" data-element_type=\"section\" data-e-type=\"section\" data-settings=\"{&quot;_ha_eqh_enable&quot;:false}\">\n\t\t\t\t\t\t<div class=\"elementor-container elementor-column-gap-default\">\n\t\t\t\t\t<div class=\"elementor-column elementor-col-100 elementor-top-column elementor-element elementor-element-7e6c50d4\" data-id=\"7e6c50d4\" data-element_type=\"column\" data-e-type=\"column\">\n\t\t\t<div class=\"elementor-widget-wrap elementor-element-populated\">\n\t\t\t\t\t\t<div class=\"elementor-element elementor-element-25bc0492 elementor-widget elementor-widget-text-editor\" data-id=\"25bc0492\" data-element_type=\"widget\" data-e-type=\"widget\" data-widget_type=\"text-editor.default\">\n\t\t\t\t\t\t\t\t\t<p style=\"font-weight: 400;\">Dans ce projet, Ferrcos a collabor\u00e9 avec Jon Hall Construction pour construire cette impressionnante maison \u00e0 El Portet de Moraira. Un projet architectural difficile par la taille de l\u2019ensemble, pr\u00e8s de 1 400 m\u00e8tres carr\u00e9s r\u00e9partis sur quatre niveaux et par le d\u00e9fi technique de se trouver sur une falaise de 19 m\u00e8tres de haut.<\/p><p style=\"font-weight: 400;\">Le r\u00e9sultat est une maison \u00e0 l&#8217;esth\u00e9tique moderne, caract\u00e9ris\u00e9e par des lignes pures o\u00f9 le blanc a \u00e9t\u00e9 combin\u00e9 avec des \u00e9l\u00e9ments m\u00e9diterran\u00e9ens tels que des murs en pierres s\u00e8ches et des jardins \u00e0 diff\u00e9rentes hauteurs pour apporter chaleur et \u00e9quilibre et contribuer \u00e0 int\u00e9grer la construction dans son environnement naturel.<\/p><p style=\"font-weight: 400;\">Les vues panoramiques sur la baie de Moraira et le Pe\u00f1\u00f3n de Ifach conf\u00e8rent \u00e0 cette maison un statut d&#8217;oasis en M\u00e9diterran\u00e9e. Cet emplacement privil\u00e9gi\u00e9 a \u00e9t\u00e9 pleinement exploit\u00e9, en particulier dans des espaces comme la salle de bain, o\u00f9 une baignoire avec vue sur le Pe\u00f1on de Ifach est \u00e9rig\u00e9e comme l&#8217;un des joyaux de la r\u00e9sidence.<\/p><p style=\"font-weight: 400;\">L&#8217;utilisation pr\u00e9dominante de couleurs claires dans tout le design refl\u00e8te la lumi\u00e8re caract\u00e9ristique de la M\u00e9diterran\u00e9e, inondant les espaces int\u00e9rieurs d&#8217;une luminosit\u00e9 sereine et accueillante. Chaque recoin de la maison a \u00e9t\u00e9 m\u00e9ticuleusement planifi\u00e9 pour offrir non seulement confort et fonctionnalit\u00e9, mais aussi une exp\u00e9rience esth\u00e9tique et sensorielle unique \u00e0 ses invit\u00e9s. De sa structure imposante aux d\u00e9tails les plus d\u00e9licats, cette maison incarne la synth\u00e8se parfaite entre modernit\u00e9 et tradition.<\/p>\t\t\t\t\t\t\t\t<\/div>\n\t\t\t\t\t<\/div>\n\t\t<\/div>\n\t\t\t\t\t<\/div>\n\t\t<\/section>\n\t\t\t\t<section class=\"elementor-section elementor-top-section elementor-element elementor-element-91abb2f elementor-section-boxed elementor-section-height-default elementor-section-height-default\" data-id=\"91abb2f\" data-element_type=\"section\" data-e-type=\"section\" data-settings=\"{&quot;_ha_eqh_enable&quot;:false}\">\n\t\t\t\t\t\t<div class=\"elementor-container elementor-column-gap-default\">\n\t\t\t\t\t<div class=\"elementor-column elementor-col-100 elementor-top-column elementor-element elementor-element-6667d41\" data-id=\"6667d41\" data-element_type=\"column\" data-e-type=\"column\">\n\t\t\t<div class=\"elementor-widget-wrap elementor-element-populated\">\n\t\t\t\t\t\t<div class=\"elementor-element elementor-element-c38cb61 elementor-widget elementor-widget-gallery\" data-id=\"c38cb61\" data-element_type=\"widget\" data-e-type=\"widget\" data-settings=\"{&quot;gallery_layout&quot;:&quot;grid&quot;,&quot;columns&quot;:4,&quot;columns_tablet&quot;:2,&quot;columns_mobile&quot;:1,&quot;gap&quot;:{&quot;unit&quot;:&quot;px&quot;,&quot;size&quot;:10,&quot;sizes&quot;:[]},&quot;gap_tablet&quot;:{&quot;unit&quot;:&quot;px&quot;,&quot;size&quot;:10,&quot;sizes&quot;:[]},&quot;gap_mobile&quot;:{&quot;unit&quot;:&quot;px&quot;,&quot;size&quot;:10,&quot;sizes&quot;:[]},&quot;link_to&quot;:&quot;file&quot;,&quot;aspect_ratio&quot;:&quot;3:2&quot;,&quot;overlay_background&quot;:&quot;yes&quot;,&quot;content_hover_animation&quot;:&quot;fade-in&quot;}\" data-widget_type=\"gallery.default\">\n\t\t\t\t\t\t\t<div class=\"elementor-gallery__container\">\n\t\t\t\t\t\t\t<a class=\"e-gallery-item elementor-gallery-item elementor-animated-content\" href=\"https:\/\/www.ferrcos.es\/wp-content\/uploads\/2024\/02\/Moraira-Modern-Villa-Construction10.jpg\" data-elementor-open-lightbox=\"yes\" data-elementor-lightbox-slideshow=\"c38cb61\" data-elementor-lightbox-title=\"Moraira-Modern-Villa-Construction10\" data-e-action-hash=\"#elementor-action%3Aaction%3Dlightbox%26settings%3DeyJpZCI6MjAyMSwidXJsIjoiaHR0cHM6XC9cL3d3dy5mZXJyY29zLmVzXC93cC1jb250ZW50XC91cGxvYWRzXC8yMDI0XC8wMlwvTW9yYWlyYS1Nb2Rlcm4tVmlsbGEtQ29uc3RydWN0aW9uMTAuanBnIiwic2xpZGVzaG93IjoiYzM4Y2I2MSJ9\">\n\t\t\t\t\t<div class=\"e-gallery-image elementor-gallery-item__image\" data-thumbnail=\"https:\/\/www.ferrcos.es\/wp-content\/uploads\/2024\/02\/Moraira-Modern-Villa-Construction10-768x512.jpg\" data-width=\"768\" data-height=\"512\" aria-label=\"\" role=\"img\" ><\/div>\n\t\t\t\t\t\t\t\t\t\t\t<div class=\"elementor-gallery-item__overlay\"><\/div>\n\t\t\t\t\t\t\t\t\t\t\t\t\t\t<\/a>\n\t\t\t\t\t\t\t<a class=\"e-gallery-item elementor-gallery-item elementor-animated-content\" href=\"https:\/\/www.ferrcos.es\/wp-content\/uploads\/2024\/02\/Moraira-Modern-Villa-Construction8.jpg\" data-elementor-open-lightbox=\"yes\" data-elementor-lightbox-slideshow=\"c38cb61\" data-elementor-lightbox-title=\"Moraira-Modern-Villa-Construction8\" data-e-action-hash=\"#elementor-action%3Aaction%3Dlightbox%26settings%3DeyJpZCI6MjAyMCwidXJsIjoiaHR0cHM6XC9cL3d3dy5mZXJyY29zLmVzXC93cC1jb250ZW50XC91cGxvYWRzXC8yMDI0XC8wMlwvTW9yYWlyYS1Nb2Rlcm4tVmlsbGEtQ29uc3RydWN0aW9uOC5qcGciLCJzbGlkZXNob3ciOiJjMzhjYjYxIn0%3D\">\n\t\t\t\t\t<div class=\"e-gallery-image elementor-gallery-item__image\" data-thumbnail=\"https:\/\/www.ferrcos.es\/wp-content\/uploads\/2024\/02\/Moraira-Modern-Villa-Construction8-768x1091.jpg\" data-width=\"768\" data-height=\"1091\" aria-label=\"\" role=\"img\" ><\/div>\n\t\t\t\t\t\t\t\t\t\t\t<div class=\"elementor-gallery-item__overlay\"><\/div>\n\t\t\t\t\t\t\t\t\t\t\t\t\t\t<\/a>\n\t\t\t\t\t\t\t<a class=\"e-gallery-item elementor-gallery-item elementor-animated-content\" href=\"https:\/\/www.ferrcos.es\/wp-content\/uploads\/2024\/02\/Moraira-Modern-Villa-Construction3.jpg\" data-elementor-open-lightbox=\"yes\" data-elementor-lightbox-slideshow=\"c38cb61\" data-elementor-lightbox-title=\"Moraira-Modern-Villa-Construction3\" data-e-action-hash=\"#elementor-action%3Aaction%3Dlightbox%26settings%3DeyJpZCI6MjAxOSwidXJsIjoiaHR0cHM6XC9cL3d3dy5mZXJyY29zLmVzXC93cC1jb250ZW50XC91cGxvYWRzXC8yMDI0XC8wMlwvTW9yYWlyYS1Nb2Rlcm4tVmlsbGEtQ29uc3RydWN0aW9uMy5qcGciLCJzbGlkZXNob3ciOiJjMzhjYjYxIn0%3D\">\n\t\t\t\t\t<div class=\"e-gallery-image elementor-gallery-item__image\" data-thumbnail=\"https:\/\/www.ferrcos.es\/wp-content\/uploads\/2024\/02\/Moraira-Modern-Villa-Construction3-768x512.jpg\" data-width=\"768\" data-height=\"512\" aria-label=\"\" role=\"img\" ><\/div>\n\t\t\t\t\t\t\t\t\t\t\t<div class=\"elementor-gallery-item__overlay\"><\/div>\n\t\t\t\t\t\t\t\t\t\t\t\t\t\t<\/a>\n\t\t\t\t\t\t\t<a class=\"e-gallery-item elementor-gallery-item elementor-animated-content\" href=\"https:\/\/www.ferrcos.es\/wp-content\/uploads\/2024\/02\/JonHallConstructionbyFernandoMoneta60of70.jpg\" data-elementor-open-lightbox=\"yes\" data-elementor-lightbox-slideshow=\"c38cb61\" data-elementor-lightbox-title=\"Jon+Hall+Construction+by+Fernando+Moneta+(60+of+70)\" data-e-action-hash=\"#elementor-action%3Aaction%3Dlightbox%26settings%3DeyJpZCI6MjAxOCwidXJsIjoiaHR0cHM6XC9cL3d3dy5mZXJyY29zLmVzXC93cC1jb250ZW50XC91cGxvYWRzXC8yMDI0XC8wMlwvSm9uSGFsbENvbnN0cnVjdGlvbmJ5RmVybmFuZG9Nb25ldGE2MG9mNzAuanBnIiwic2xpZGVzaG93IjoiYzM4Y2I2MSJ9\">\n\t\t\t\t\t<div class=\"e-gallery-image elementor-gallery-item__image\" data-thumbnail=\"https:\/\/www.ferrcos.es\/wp-content\/uploads\/2024\/02\/JonHallConstructionbyFernandoMoneta60of70-768x512.jpg\" data-width=\"768\" data-height=\"512\" aria-label=\"\" role=\"img\" ><\/div>\n\t\t\t\t\t\t\t\t\t\t\t<div class=\"elementor-gallery-item__overlay\"><\/div>\n\t\t\t\t\t\t\t\t\t\t\t\t\t\t<\/a>\n\t\t\t\t\t\t\t<a class=\"e-gallery-item elementor-gallery-item elementor-animated-content\" href=\"https:\/\/www.ferrcos.es\/wp-content\/uploads\/2024\/02\/JonHallConstructionbyFernandoMoneta21of70.jpg\" data-elementor-open-lightbox=\"yes\" data-elementor-lightbox-slideshow=\"c38cb61\" data-elementor-lightbox-title=\"Jon+Hall+Construction+by+Fernando+Moneta+(21+of+70)\" data-e-action-hash=\"#elementor-action%3Aaction%3Dlightbox%26settings%3DeyJpZCI6MjAxNSwidXJsIjoiaHR0cHM6XC9cL3d3dy5mZXJyY29zLmVzXC93cC1jb250ZW50XC91cGxvYWRzXC8yMDI0XC8wMlwvSm9uSGFsbENvbnN0cnVjdGlvbmJ5RmVybmFuZG9Nb25ldGEyMW9mNzAuanBnIiwic2xpZGVzaG93IjoiYzM4Y2I2MSJ9\">\n\t\t\t\t\t<div class=\"e-gallery-image elementor-gallery-item__image\" data-thumbnail=\"https:\/\/www.ferrcos.es\/wp-content\/uploads\/2024\/02\/JonHallConstructionbyFernandoMoneta21of70-768x512.jpg\" data-width=\"768\" data-height=\"512\" aria-label=\"\" role=\"img\" ><\/div>\n\t\t\t\t\t\t\t\t\t\t\t<div class=\"elementor-gallery-item__overlay\"><\/div>\n\t\t\t\t\t\t\t\t\t\t\t\t\t\t<\/a>\n\t\t\t\t\t\t\t<a class=\"e-gallery-item elementor-gallery-item elementor-animated-content\" href=\"https:\/\/www.ferrcos.es\/wp-content\/uploads\/2024\/02\/JonHallConstructionbyFernandoMoneta16of70.jpg\" data-elementor-open-lightbox=\"yes\" data-elementor-lightbox-slideshow=\"c38cb61\" data-elementor-lightbox-title=\"Jon+Hall+Construction+by+Fernando+Moneta+(16+of+70)\" data-e-action-hash=\"#elementor-action%3Aaction%3Dlightbox%26settings%3DeyJpZCI6MjAxNCwidXJsIjoiaHR0cHM6XC9cL3d3dy5mZXJyY29zLmVzXC93cC1jb250ZW50XC91cGxvYWRzXC8yMDI0XC8wMlwvSm9uSGFsbENvbnN0cnVjdGlvbmJ5RmVybmFuZG9Nb25ldGExNm9mNzAuanBnIiwic2xpZGVzaG93IjoiYzM4Y2I2MSJ9\">\n\t\t\t\t\t<div class=\"e-gallery-image elementor-gallery-item__image\" data-thumbnail=\"https:\/\/www.ferrcos.es\/wp-content\/uploads\/2024\/02\/JonHallConstructionbyFernandoMoneta16of70-768x512.jpg\" data-width=\"768\" data-height=\"512\" aria-label=\"\" role=\"img\" ><\/div>\n\t\t\t\t\t\t\t\t\t\t\t<div class=\"elementor-gallery-item__overlay\"><\/div>\n\t\t\t\t\t\t\t\t\t\t\t\t\t\t<\/a>\n\t\t\t\t\t\t\t<a class=\"e-gallery-item elementor-gallery-item elementor-animated-content\" href=\"https:\/\/www.ferrcos.es\/wp-content\/uploads\/2024\/02\/JonHallConstructionbyFernandoMoneta54of70.jpg\" data-elementor-open-lightbox=\"yes\" data-elementor-lightbox-slideshow=\"c38cb61\" data-elementor-lightbox-title=\"Jon+Hall+Construction+by+Fernando+Moneta+(54+of+70)\" data-e-action-hash=\"#elementor-action%3Aaction%3Dlightbox%26settings%3DeyJpZCI6MjAxNywidXJsIjoiaHR0cHM6XC9cL3d3dy5mZXJyY29zLmVzXC93cC1jb250ZW50XC91cGxvYWRzXC8yMDI0XC8wMlwvSm9uSGFsbENvbnN0cnVjdGlvbmJ5RmVybmFuZG9Nb25ldGE1NG9mNzAuanBnIiwic2xpZGVzaG93IjoiYzM4Y2I2MSJ9\">\n\t\t\t\t\t<div class=\"e-gallery-image elementor-gallery-item__image\" data-thumbnail=\"https:\/\/www.ferrcos.es\/wp-content\/uploads\/2024\/02\/JonHallConstructionbyFernandoMoneta54of70-768x512.jpg\" data-width=\"768\" data-height=\"512\" aria-label=\"\" role=\"img\" ><\/div>\n\t\t\t\t\t\t\t\t\t\t\t<div class=\"elementor-gallery-item__overlay\"><\/div>\n\t\t\t\t\t\t\t\t\t\t\t\t\t\t<\/a>\n\t\t\t\t\t\t\t<a class=\"e-gallery-item elementor-gallery-item elementor-animated-content\" href=\"https:\/\/www.ferrcos.es\/wp-content\/uploads\/2024\/02\/JonHallConstructionbyFernandoMoneta30of70copy.jpg\" data-elementor-open-lightbox=\"yes\" data-elementor-lightbox-slideshow=\"c38cb61\" data-elementor-lightbox-title=\"Jon+Hall+Construction+by+Fernando+Moneta+(30+of+70)+copy\" data-e-action-hash=\"#elementor-action%3Aaction%3Dlightbox%26settings%3DeyJpZCI6MjAxNiwidXJsIjoiaHR0cHM6XC9cL3d3dy5mZXJyY29zLmVzXC93cC1jb250ZW50XC91cGxvYWRzXC8yMDI0XC8wMlwvSm9uSGFsbENvbnN0cnVjdGlvbmJ5RmVybmFuZG9Nb25ldGEzMG9mNzBjb3B5LmpwZyIsInNsaWRlc2hvdyI6ImMzOGNiNjEifQ%3D%3D\">\n\t\t\t\t\t<div class=\"e-gallery-image elementor-gallery-item__image\" data-thumbnail=\"https:\/\/www.ferrcos.es\/wp-content\/uploads\/2024\/02\/JonHallConstructionbyFernandoMoneta30of70copy-768x512.jpg\" data-width=\"768\" data-height=\"512\" aria-label=\"Vivienda en Moraira\" role=\"img\" ><\/div>\n\t\t\t\t\t\t\t\t\t\t\t<div class=\"elementor-gallery-item__overlay\"><\/div>\n\t\t\t\t\t\t\t\t\t\t\t\t\t\t<\/a>\n\t\t\t\t\t<\/div>\n\t\t\t\t\t<\/div>\n\t\t\t\t\t<\/div>\n\t\t<\/div>\n\t\t\t\t\t<\/div>\n\t\t<\/section>\n\t\t\t\t<\/div>\n\t\t","protected":false},"excerpt":{"rendered":"<p>Dans ce projet, Ferrcos a collabor\u00e9 avec Jon Hall Construction pour construire cette impressionnante maison \u00e0 El Portet de Moraira. Un projet architectural difficile par la taille de l\u2019ensemble, pr\u00e8s de 1 400 m\u00e8tres carr\u00e9s r\u00e9partis sur quatre niveaux et par le d\u00e9fi technique de se trouver sur une falaise de 19 m\u00e8tres de haut. [&hellip;]<\/p>\n","protected":false},"author":3,"featured_media":3305,"comment_status":"closed","ping_status":"closed","sticky":false,"template":"","format":"standard","meta":{"footnotes":""},"categories":[160,110],"tags":[112,151,161],"class_list":["post-3670","post","type-post","status-publish","format-standard","has-post-thumbnail","hentry","category-residencial-fr","category-proyectos-fr","tag-interiorismo-fr","tag-proyectos-fr","tag-residencial-fr"],"_links":{"self":[{"href":"https:\/\/www.ferrcos.es\/fr\/wp-json\/wp\/v2\/posts\/3670","targetHints":{"allow":["GET"]}}],"collection":[{"href":"https:\/\/www.ferrcos.es\/fr\/wp-json\/wp\/v2\/posts"}],"about":[{"href":"https:\/\/www.ferrcos.es\/fr\/wp-json\/wp\/v2\/types\/post"}],"author":[{"embeddable":true,"href":"https:\/\/www.ferrcos.es\/fr\/wp-json\/wp\/v2\/users\/3"}],"replies":[{"embeddable":true,"href":"https:\/\/www.ferrcos.es\/fr\/wp-json\/wp\/v2\/comments?post=3670"}],"version-history":[{"count":6,"href":"https:\/\/www.ferrcos.es\/fr\/wp-json\/wp\/v2\/posts\/3670\/revisions"}],"predecessor-version":[{"id":4278,"href":"https:\/\/www.ferrcos.es\/fr\/wp-json\/wp\/v2\/posts\/3670\/revisions\/4278"}],"wp:featuredmedia":[{"embeddable":true,"href":"https:\/\/www.ferrcos.es\/fr\/wp-json\/wp\/v2\/media\/3305"}],"wp:attachment":[{"href":"https:\/\/www.ferrcos.es\/fr\/wp-json\/wp\/v2\/media?parent=3670"}],"wp:term":[{"taxonomy":"category","embeddable":true,"href":"https:\/\/www.ferrcos.es\/fr\/wp-json\/wp\/v2\/categories?post=3670"},{"taxonomy":"post_tag","embeddable":true,"href":"https:\/\/www.ferrcos.es\/fr\/wp-json\/wp\/v2\/tags?post=3670"}],"curies":[{"name":"wp","href":"https:\/\/api.w.org\/{rel}","templated":true}]}}