{"id":3644,"date":"2024-01-08T09:32:50","date_gmt":"2024-01-08T09:32:50","guid":{"rendered":"https:\/\/www.ferrcos.es\/celosias-ceramicas\/"},"modified":"2024-03-11T16:45:41","modified_gmt":"2024-03-11T16:45:41","slug":"celosias-ceramicas","status":"publish","type":"post","link":"https:\/\/www.ferrcos.es\/fr\/celosias-ceramicas\/","title":{"rendered":"Claustras en c\u00e9ramique"},"content":{"rendered":"\t\t<div data-elementor-type=\"wp-post\" data-elementor-id=\"3644\" class=\"elementor elementor-3644 elementor-1198\" data-elementor-settings=\"{&quot;ha_cmc_init_switcher&quot;:&quot;no&quot;}\" data-elementor-post-type=\"post\">\n\t\t\t\t\t\t<section class=\"elementor-section elementor-top-section elementor-element elementor-element-44d82e03 elementor-section-boxed elementor-section-height-default elementor-section-height-default\" data-id=\"44d82e03\" data-element_type=\"section\" data-e-type=\"section\" data-settings=\"{&quot;_ha_eqh_enable&quot;:false}\">\n\t\t\t\t\t\t<div class=\"elementor-container elementor-column-gap-default\">\n\t\t\t\t\t<div class=\"elementor-column elementor-col-100 elementor-top-column elementor-element elementor-element-7e6c50d4\" data-id=\"7e6c50d4\" data-element_type=\"column\" data-e-type=\"column\">\n\t\t\t<div class=\"elementor-widget-wrap elementor-element-populated\">\n\t\t\t\t\t\t<div class=\"elementor-element elementor-element-25bc0492 elementor-widget elementor-widget-text-editor\" data-id=\"25bc0492\" data-element_type=\"widget\" data-e-type=\"widget\" data-widget_type=\"text-editor.default\">\n\t\t\t\t\t\t\t\t\t<p style=\"font-weight: 400;\">Les claustras en c\u00e9ramique sont devenus une tendance majeure dans le monde de l\u2019architecture d&#8217;int\u00e9rieur, offrant une combinaison unique de fonctionnalit\u00e9 et d&#8217;esth\u00e9tique. Ces structures perfor\u00e9es permettent de diviser les espaces de subtile, cr\u00e9ant une s\u00e9paration visuelle sans compromettre l&#8217;entr\u00e9e de la lumi\u00e8re naturelle. La polyvalence des claustras c\u00e9ramiques r\u00e9side non seulement dans leur capacit\u00e9 \u00e0 d\u00e9limiter des zones, mais aussi dans la cr\u00e9ation d\u2019un jeu intrigant de lumi\u00e8re et d\u2019ombre tout au long de la journ\u00e9e.<\/p><p style=\"font-weight: 400;\">Ce ph\u00e9nom\u00e8ne de conception r\u00e9pond non seulement \u00e0 des crit\u00e8res pratiques mais ajoute \u00e9galement une touche artistique aux espaces int\u00e9rieurs. Les claustras c\u00e9ramiques deviennent des \u00e9l\u00e9ments sculpturaux qui outre leur fonction pratique, contribuent \u00e0 l&#8217;esth\u00e9tique g\u00e9n\u00e9rale de l&#8217;environnement. La lumi\u00e8re qui traverse les perforations de ces structures cr\u00e9e des motifs fascinants, transformant l&#8217;atmosph\u00e8re de l&#8217;espace.<\/p><p style=\"font-weight: 400;\">Parmi les propositions les plus remarquables dans ce domaine, les collections de Patricia Urquiola pour Mutina Ceramics et la collection Apiedi d\u2019Ape s\u2019erigent en exposantes qui r\u00e9interpr\u00e8tent l&#8217;artisanat traditionnel avec une approche innovante. Ces designs fusionnent classique et le contemporain, offrant des options qui s\u2019adaptent \u00e0 une vari\u00e9t\u00e9 de styles et de pr\u00e9f\u00e9rences.<\/p><p style=\"font-weight: 400;\">Chez Ferrcos, nous vous invitons \u00e0 explorer une large gamme d&#8217;options en claustras c\u00e9ramiques, o\u00f9 notre \u00e9quipe sp\u00e9cialis\u00e9e se fera un plaisir de vous conseiller pour trouver la solution lqui vous convient le mieux \u00e0 votre projet et \u00e0 votre espace. La fusion de la fonctionnalit\u00e9 et de l\u2019esth\u00e9tique dans ces structures est une invitation \u00e0 rejoindre cette tendance passionnante du design. \u00cates-vous pr\u00eat \u00e0 transformer vos espaces avec l\u2019\u00e9l\u00e9gance et la polyvalence des claustras en c\u00e9ramique?<\/p>\t\t\t\t\t\t\t\t<\/div>\n\t\t\t\t\t<\/div>\n\t\t<\/div>\n\t\t\t\t\t<\/div>\n\t\t<\/section>\n\t\t\t\t<section class=\"elementor-section elementor-top-section elementor-element elementor-element-591566a elementor-section-boxed elementor-section-height-default elementor-section-height-default\" data-id=\"591566a\" data-element_type=\"section\" data-e-type=\"section\" data-settings=\"{&quot;_ha_eqh_enable&quot;:false}\">\n\t\t\t\t\t\t<div class=\"elementor-container elementor-column-gap-default\">\n\t\t\t\t\t<div class=\"elementor-column elementor-col-33 elementor-top-column elementor-element elementor-element-f4be9e0\" data-id=\"f4be9e0\" data-element_type=\"column\" data-e-type=\"column\">\n\t\t\t<div class=\"elementor-widget-wrap elementor-element-populated\">\n\t\t\t\t\t\t<div class=\"elementor-element elementor-element-5a52140 elementor-widget elementor-widget-image\" data-id=\"5a52140\" data-element_type=\"widget\" data-e-type=\"widget\" data-widget_type=\"image.default\">\n\t\t\t\t\t\t\t\t\t\t\t\t\t\t\t<img fetchpriority=\"high\" decoding=\"async\" width=\"800\" height=\"500\" src=\"https:\/\/www.ferrcos.es\/wp-content\/uploads\/2024\/01\/10949_z_01_Urquiola_Jali_07_2640-1024x640.jpg\" class=\"attachment-large size-large wp-image-1199\" alt=\"\" srcset=\"https:\/\/www.ferrcos.es\/wp-content\/uploads\/2024\/01\/10949_z_01_Urquiola_Jali_07_2640-1024x640.jpg 1024w, https:\/\/www.ferrcos.es\/wp-content\/uploads\/2024\/01\/10949_z_01_Urquiola_Jali_07_2640-300x188.jpg 300w, https:\/\/www.ferrcos.es\/wp-content\/uploads\/2024\/01\/10949_z_01_Urquiola_Jali_07_2640-768x480.jpg 768w, https:\/\/www.ferrcos.es\/wp-content\/uploads\/2024\/01\/10949_z_01_Urquiola_Jali_07_2640-1536x960.jpg 1536w, https:\/\/www.ferrcos.es\/wp-content\/uploads\/2024\/01\/10949_z_01_Urquiola_Jali_07_2640-2048x1280.jpg 2048w\" sizes=\"(max-width: 800px) 100vw, 800px\" \/>\t\t\t\t\t\t\t\t\t\t\t\t\t\t\t<\/div>\n\t\t\t\t\t<\/div>\n\t\t<\/div>\n\t\t\t\t<div class=\"elementor-column elementor-col-33 elementor-top-column elementor-element elementor-element-7737704\" data-id=\"7737704\" data-element_type=\"column\" data-e-type=\"column\">\n\t\t\t<div class=\"elementor-widget-wrap elementor-element-populated\">\n\t\t\t\t\t\t<div class=\"elementor-element elementor-element-b6f02cb elementor-widget elementor-widget-image\" data-id=\"b6f02cb\" data-element_type=\"widget\" data-e-type=\"widget\" data-widget_type=\"image.default\">\n\t\t\t\t\t\t\t\t\t\t\t\t\t\t\t<img decoding=\"async\" width=\"800\" height=\"600\" src=\"https:\/\/www.ferrcos.es\/wp-content\/uploads\/2024\/01\/A-PIEDIOCCHIATA-IMAGEN-2-copia-1024x768.jpg\" class=\"attachment-large size-large wp-image-1203\" alt=\"\" srcset=\"https:\/\/www.ferrcos.es\/wp-content\/uploads\/2024\/01\/A-PIEDIOCCHIATA-IMAGEN-2-copia-1024x768.jpg 1024w, https:\/\/www.ferrcos.es\/wp-content\/uploads\/2024\/01\/A-PIEDIOCCHIATA-IMAGEN-2-copia-300x225.jpg 300w, https:\/\/www.ferrcos.es\/wp-content\/uploads\/2024\/01\/A-PIEDIOCCHIATA-IMAGEN-2-copia-768x576.jpg 768w, https:\/\/www.ferrcos.es\/wp-content\/uploads\/2024\/01\/A-PIEDIOCCHIATA-IMAGEN-2-copia-1536x1152.jpg 1536w, https:\/\/www.ferrcos.es\/wp-content\/uploads\/2024\/01\/A-PIEDIOCCHIATA-IMAGEN-2-copia.jpg 2000w\" sizes=\"(max-width: 800px) 100vw, 800px\" \/>\t\t\t\t\t\t\t\t\t\t\t\t\t\t\t<\/div>\n\t\t\t\t\t<\/div>\n\t\t<\/div>\n\t\t\t\t<div class=\"elementor-column elementor-col-33 elementor-top-column elementor-element elementor-element-d9b926d\" data-id=\"d9b926d\" data-element_type=\"column\" data-e-type=\"column\">\n\t\t\t<div class=\"elementor-widget-wrap elementor-element-populated\">\n\t\t\t\t\t\t<div class=\"elementor-element elementor-element-e8e22a9 elementor-widget elementor-widget-image\" data-id=\"e8e22a9\" data-element_type=\"widget\" data-e-type=\"widget\" data-widget_type=\"image.default\">\n\t\t\t\t\t\t\t\t\t\t\t\t\t\t\t<img decoding=\"async\" width=\"800\" height=\"500\" src=\"https:\/\/www.ferrcos.es\/wp-content\/uploads\/2024\/01\/344_z_02_2640-1024x640.jpg\" class=\"attachment-large size-large wp-image-1201\" alt=\"\" srcset=\"https:\/\/www.ferrcos.es\/wp-content\/uploads\/2024\/01\/344_z_02_2640-1024x640.jpg 1024w, https:\/\/www.ferrcos.es\/wp-content\/uploads\/2024\/01\/344_z_02_2640-300x188.jpg 300w, https:\/\/www.ferrcos.es\/wp-content\/uploads\/2024\/01\/344_z_02_2640-768x480.jpg 768w, https:\/\/www.ferrcos.es\/wp-content\/uploads\/2024\/01\/344_z_02_2640-1536x960.jpg 1536w, https:\/\/www.ferrcos.es\/wp-content\/uploads\/2024\/01\/344_z_02_2640-2048x1280.jpg 2048w\" sizes=\"(max-width: 800px) 100vw, 800px\" \/>\t\t\t\t\t\t\t\t\t\t\t\t\t\t\t<\/div>\n\t\t\t\t\t<\/div>\n\t\t<\/div>\n\t\t\t\t\t<\/div>\n\t\t<\/section>\n\t\t\t\t<\/div>\n\t\t","protected":false},"excerpt":{"rendered":"<p>Les claustras en c\u00e9ramique sont devenus une tendance majeure dans le monde de l\u2019architecture d&#8217;int\u00e9rieur, offrant une combinaison unique de fonctionnalit\u00e9 et d&#8217;esth\u00e9tique. Ces structures perfor\u00e9es permettent de diviser les espaces de subtile, cr\u00e9ant une s\u00e9paration visuelle sans compromettre l&#8217;entr\u00e9e de la lumi\u00e8re naturelle. La polyvalence des claustras c\u00e9ramiques r\u00e9side non seulement dans leur capacit\u00e9 [&hellip;]<\/p>\n","protected":false},"author":3,"featured_media":2771,"comment_status":"closed","ping_status":"closed","sticky":false,"template":"","format":"standard","meta":{"footnotes":""},"categories":[137,138],"tags":[126,112,139],"class_list":["post-3644","post","type-post","status-publish","format-standard","has-post-thumbnail","hentry","category-ceramica-fr","category-tendencias-fr","tag-ceramica-fr","tag-interiorismo-fr","tag-tendencias-fr"],"_links":{"self":[{"href":"https:\/\/www.ferrcos.es\/fr\/wp-json\/wp\/v2\/posts\/3644","targetHints":{"allow":["GET"]}}],"collection":[{"href":"https:\/\/www.ferrcos.es\/fr\/wp-json\/wp\/v2\/posts"}],"about":[{"href":"https:\/\/www.ferrcos.es\/fr\/wp-json\/wp\/v2\/types\/post"}],"author":[{"embeddable":true,"href":"https:\/\/www.ferrcos.es\/fr\/wp-json\/wp\/v2\/users\/3"}],"replies":[{"embeddable":true,"href":"https:\/\/www.ferrcos.es\/fr\/wp-json\/wp\/v2\/comments?post=3644"}],"version-history":[{"count":12,"href":"https:\/\/www.ferrcos.es\/fr\/wp-json\/wp\/v2\/posts\/3644\/revisions"}],"predecessor-version":[{"id":4226,"href":"https:\/\/www.ferrcos.es\/fr\/wp-json\/wp\/v2\/posts\/3644\/revisions\/4226"}],"wp:featuredmedia":[{"embeddable":true,"href":"https:\/\/www.ferrcos.es\/fr\/wp-json\/wp\/v2\/media\/2771"}],"wp:attachment":[{"href":"https:\/\/www.ferrcos.es\/fr\/wp-json\/wp\/v2\/media?parent=3644"}],"wp:term":[{"taxonomy":"category","embeddable":true,"href":"https:\/\/www.ferrcos.es\/fr\/wp-json\/wp\/v2\/categories?post=3644"},{"taxonomy":"post_tag","embeddable":true,"href":"https:\/\/www.ferrcos.es\/fr\/wp-json\/wp\/v2\/tags?post=3644"}],"curies":[{"name":"wp","href":"https:\/\/api.w.org\/{rel}","templated":true}]}}