{"id":3636,"date":"2024-01-03T12:00:16","date_gmt":"2024-01-03T12:00:16","guid":{"rendered":"https:\/\/www.ferrcos.es\/ceip-pedro-alonso-nino-moguer-huelva\/"},"modified":"2024-03-11T15:35:01","modified_gmt":"2024-03-11T15:35:01","slug":"ceip-pedro-alonso-nino-moguer-huelva","status":"publish","type":"post","link":"https:\/\/www.ferrcos.es\/fr\/ceip-pedro-alonso-nino-moguer-huelva\/","title":{"rendered":"CEIP Pedro Alonso Ni\u00f1o, Moguer (Huelva)"},"content":{"rendered":"\t\t<div data-elementor-type=\"wp-post\" data-elementor-id=\"3636\" class=\"elementor elementor-3636 elementor-1039\" data-elementor-settings=\"{&quot;ha_cmc_init_switcher&quot;:&quot;no&quot;}\" data-elementor-post-type=\"post\">\n\t\t\t\t\t\t<section class=\"elementor-section elementor-top-section elementor-element elementor-element-4ae39dbd elementor-section-boxed elementor-section-height-default elementor-section-height-default\" data-id=\"4ae39dbd\" data-element_type=\"section\" data-e-type=\"section\" data-settings=\"{&quot;_ha_eqh_enable&quot;:false}\">\n\t\t\t\t\t\t<div class=\"elementor-container elementor-column-gap-default\">\n\t\t\t\t\t<div class=\"elementor-column elementor-col-100 elementor-top-column elementor-element elementor-element-2be93043\" data-id=\"2be93043\" data-element_type=\"column\" data-e-type=\"column\">\n\t\t\t<div class=\"elementor-widget-wrap elementor-element-populated\">\n\t\t\t\t\t\t<div class=\"elementor-element elementor-element-2d8772fb elementor-widget elementor-widget-text-editor\" data-id=\"2d8772fb\" data-element_type=\"widget\" data-e-type=\"widget\" data-widget_type=\"text-editor.default\">\n\t\t\t\t\t\t\t\t\t<p style=\"font-weight: 400;\">Le <strong>CEIP Pedro Alonso Ni\u00f1o<\/strong> dans la ville de Moguer (Huelva) est un projet architectural con\u00e7u par l&#8217;architecte Miguel Blazquez et construit par ECSA dans lequel Ferrcos a eu l&#8217;occasion de fournir les rev\u00eatements.<\/p><p style=\"font-weight: 400;\">La fa\u00e7ade, rev\u00eatue de briques apparentes et de marquises color\u00e9es, conf\u00e8re \u00e0 l\u2019\u00e9difice un apparence chaleureuse et contemporaine, soulignant la connexion avec la tradition de construction locale. Ce mat\u00e9riau apporte non seulement la durabilit\u00e9, mais conf\u00e8re \u00e9galement une identit\u00e9 unique au CEIP Pedro Alonso Ni\u00f1o.<\/p><p style=\"font-weight: 400;\">\u00c0 l\u2019int\u00e9rieur, les d\u00e9tails prennent vie \u00e0 travers un carrelage color\u00e9 o\u00f9 l\u2019orange et le vert pr\u00e9dominent dans les salles de bains et les espaces communs. Ce choix soigneusement r\u00e9alis\u00e9 non seulement ajoute de la vitalit\u00e9 et de la cr\u00e9ativit\u00e9 \u00e0 l&#8217;environnement \u00e9ducatif, mais refl\u00e8te \u00e9galement le d\u00e9vouement \u00e0 l&#8217;esth\u00e9tique et la fonctionnalit\u00e9 dans chaque coin du projet.<\/p><p style=\"font-weight: 400;\">Ce projet ne se pr\u00e9sente pas seulement comme un espace \u00e9ducatif, mais comme un t\u00e9moignage vivant de la fa\u00e7on dont l\u2019architecture consciente et le choix des mat\u00e9riaux peuvent transformer positivement l&#8217;environnement d&#8217;apprentissage.<\/p>\t\t\t\t\t\t\t\t<\/div>\n\t\t\t\t\t<\/div>\n\t\t<\/div>\n\t\t\t\t\t<\/div>\n\t\t<\/section>\n\t\t\t\t<section class=\"elementor-section elementor-top-section elementor-element elementor-element-3f68645 elementor-section-boxed elementor-section-height-default elementor-section-height-default\" data-id=\"3f68645\" data-element_type=\"section\" data-e-type=\"section\" data-settings=\"{&quot;_ha_eqh_enable&quot;:false}\">\n\t\t\t\t\t\t<div class=\"elementor-container elementor-column-gap-default\">\n\t\t\t\t\t<div class=\"elementor-column elementor-col-100 elementor-top-column elementor-element elementor-element-220e45b\" data-id=\"220e45b\" data-element_type=\"column\" data-e-type=\"column\">\n\t\t\t<div class=\"elementor-widget-wrap elementor-element-populated\">\n\t\t\t\t\t\t<div class=\"elementor-element elementor-element-f5f669f elementor-widget elementor-widget-gallery\" data-id=\"f5f669f\" data-element_type=\"widget\" data-e-type=\"widget\" data-settings=\"{&quot;gallery_layout&quot;:&quot;grid&quot;,&quot;columns&quot;:4,&quot;columns_tablet&quot;:2,&quot;columns_mobile&quot;:1,&quot;gap&quot;:{&quot;unit&quot;:&quot;px&quot;,&quot;size&quot;:10,&quot;sizes&quot;:[]},&quot;gap_tablet&quot;:{&quot;unit&quot;:&quot;px&quot;,&quot;size&quot;:10,&quot;sizes&quot;:[]},&quot;gap_mobile&quot;:{&quot;unit&quot;:&quot;px&quot;,&quot;size&quot;:10,&quot;sizes&quot;:[]},&quot;link_to&quot;:&quot;file&quot;,&quot;aspect_ratio&quot;:&quot;3:2&quot;,&quot;overlay_background&quot;:&quot;yes&quot;,&quot;content_hover_animation&quot;:&quot;fade-in&quot;}\" data-widget_type=\"gallery.default\">\n\t\t\t\t\t\t\t<div class=\"elementor-gallery__container\">\n\t\t\t\t\t\t\t<a class=\"e-gallery-item elementor-gallery-item elementor-animated-content\" href=\"https:\/\/www.ferrcos.es\/wp-content\/uploads\/2024\/01\/IMG_5868-1-scaled.jpg\" data-elementor-open-lightbox=\"yes\" data-elementor-lightbox-slideshow=\"f5f669f\" data-elementor-lightbox-title=\"IMG_5868\" data-e-action-hash=\"#elementor-action%3Aaction%3Dlightbox%26settings%3DeyJpZCI6MTMyNSwidXJsIjoiaHR0cHM6XC9cL3d3dy5mZXJyY29zLmVzXC93cC1jb250ZW50XC91cGxvYWRzXC8yMDI0XC8wMVwvSU1HXzU4NjgtMS1zY2FsZWQuanBnIiwic2xpZGVzaG93IjoiZjVmNjY5ZiJ9\">\n\t\t\t\t\t<div class=\"e-gallery-image elementor-gallery-item__image\" data-thumbnail=\"https:\/\/www.ferrcos.es\/wp-content\/uploads\/2024\/01\/IMG_5868-1-768x512.jpg\" data-width=\"768\" data-height=\"512\" aria-label=\"\" role=\"img\" ><\/div>\n\t\t\t\t\t\t\t\t\t\t\t<div class=\"elementor-gallery-item__overlay\"><\/div>\n\t\t\t\t\t\t\t\t\t\t\t\t\t\t<\/a>\n\t\t\t\t\t\t\t<a class=\"e-gallery-item elementor-gallery-item elementor-animated-content\" href=\"https:\/\/www.ferrcos.es\/wp-content\/uploads\/2024\/01\/IMG_5891-1-scaled.jpg\" data-elementor-open-lightbox=\"yes\" data-elementor-lightbox-slideshow=\"f5f669f\" data-elementor-lightbox-title=\"IMG_5891\" data-e-action-hash=\"#elementor-action%3Aaction%3Dlightbox%26settings%3DeyJpZCI6MTMyNCwidXJsIjoiaHR0cHM6XC9cL3d3dy5mZXJyY29zLmVzXC93cC1jb250ZW50XC91cGxvYWRzXC8yMDI0XC8wMVwvSU1HXzU4OTEtMS1zY2FsZWQuanBnIiwic2xpZGVzaG93IjoiZjVmNjY5ZiJ9\">\n\t\t\t\t\t<div class=\"e-gallery-image elementor-gallery-item__image\" data-thumbnail=\"https:\/\/www.ferrcos.es\/wp-content\/uploads\/2024\/01\/IMG_5891-1-768x512.jpg\" data-width=\"768\" data-height=\"512\" aria-label=\"\" role=\"img\" ><\/div>\n\t\t\t\t\t\t\t\t\t\t\t<div class=\"elementor-gallery-item__overlay\"><\/div>\n\t\t\t\t\t\t\t\t\t\t\t\t\t\t<\/a>\n\t\t\t\t\t\t\t<a class=\"e-gallery-item elementor-gallery-item elementor-animated-content\" href=\"https:\/\/www.ferrcos.es\/wp-content\/uploads\/2024\/01\/IMG_5801-1-scaled.jpg\" data-elementor-open-lightbox=\"yes\" data-elementor-lightbox-slideshow=\"f5f669f\" data-elementor-lightbox-title=\"IMG_5801\" data-e-action-hash=\"#elementor-action%3Aaction%3Dlightbox%26settings%3DeyJpZCI6MTMyMywidXJsIjoiaHR0cHM6XC9cL3d3dy5mZXJyY29zLmVzXC93cC1jb250ZW50XC91cGxvYWRzXC8yMDI0XC8wMVwvSU1HXzU4MDEtMS1zY2FsZWQuanBnIiwic2xpZGVzaG93IjoiZjVmNjY5ZiJ9\">\n\t\t\t\t\t<div class=\"e-gallery-image elementor-gallery-item__image\" data-thumbnail=\"https:\/\/www.ferrcos.es\/wp-content\/uploads\/2024\/01\/IMG_5801-1-768x512.jpg\" data-width=\"768\" data-height=\"512\" aria-label=\"\" role=\"img\" ><\/div>\n\t\t\t\t\t\t\t\t\t\t\t<div class=\"elementor-gallery-item__overlay\"><\/div>\n\t\t\t\t\t\t\t\t\t\t\t\t\t\t<\/a>\n\t\t\t\t\t\t\t<a class=\"e-gallery-item elementor-gallery-item elementor-animated-content\" href=\"https:\/\/www.ferrcos.es\/wp-content\/uploads\/2024\/01\/IMG_5757-scaled.jpg\" data-elementor-open-lightbox=\"yes\" data-elementor-lightbox-slideshow=\"f5f669f\" data-elementor-lightbox-title=\"IMG_5757\" data-e-action-hash=\"#elementor-action%3Aaction%3Dlightbox%26settings%3DeyJpZCI6MTMyMiwidXJsIjoiaHR0cHM6XC9cL3d3dy5mZXJyY29zLmVzXC93cC1jb250ZW50XC91cGxvYWRzXC8yMDI0XC8wMVwvSU1HXzU3NTctc2NhbGVkLmpwZyIsInNsaWRlc2hvdyI6ImY1ZjY2OWYifQ%3D%3D\">\n\t\t\t\t\t<div class=\"e-gallery-image elementor-gallery-item__image\" data-thumbnail=\"https:\/\/www.ferrcos.es\/wp-content\/uploads\/2024\/01\/IMG_5757-768x512.jpg\" data-width=\"768\" data-height=\"512\" aria-label=\"\" role=\"img\" ><\/div>\n\t\t\t\t\t\t\t\t\t\t\t<div class=\"elementor-gallery-item__overlay\"><\/div>\n\t\t\t\t\t\t\t\t\t\t\t\t\t\t<\/a>\n\t\t\t\t\t\t\t<a class=\"e-gallery-item elementor-gallery-item elementor-animated-content\" href=\"https:\/\/www.ferrcos.es\/wp-content\/uploads\/2024\/01\/IMG_5923-scaled.jpg\" data-elementor-open-lightbox=\"yes\" data-elementor-lightbox-slideshow=\"f5f669f\" data-elementor-lightbox-title=\"IMG_5923\" data-e-action-hash=\"#elementor-action%3Aaction%3Dlightbox%26settings%3DeyJpZCI6MTA0OCwidXJsIjoiaHR0cHM6XC9cL3d3dy5mZXJyY29zLmVzXC93cC1jb250ZW50XC91cGxvYWRzXC8yMDI0XC8wMVwvSU1HXzU5MjMtc2NhbGVkLmpwZyIsInNsaWRlc2hvdyI6ImY1ZjY2OWYifQ%3D%3D\">\n\t\t\t\t\t<div class=\"e-gallery-image elementor-gallery-item__image\" data-thumbnail=\"https:\/\/www.ferrcos.es\/wp-content\/uploads\/2024\/01\/IMG_5923-768x512.jpg\" data-width=\"768\" data-height=\"512\" aria-label=\"\" role=\"img\" ><\/div>\n\t\t\t\t\t\t\t\t\t\t\t<div class=\"elementor-gallery-item__overlay\"><\/div>\n\t\t\t\t\t\t\t\t\t\t\t\t\t\t<\/a>\n\t\t\t\t\t\t\t<a class=\"e-gallery-item elementor-gallery-item elementor-animated-content\" href=\"https:\/\/www.ferrcos.es\/wp-content\/uploads\/2024\/01\/IMG_5883-scaled.jpg\" data-elementor-open-lightbox=\"yes\" data-elementor-lightbox-slideshow=\"f5f669f\" data-elementor-lightbox-title=\"IMG_5883\" data-e-action-hash=\"#elementor-action%3Aaction%3Dlightbox%26settings%3DeyJpZCI6MTA0OSwidXJsIjoiaHR0cHM6XC9cL3d3dy5mZXJyY29zLmVzXC93cC1jb250ZW50XC91cGxvYWRzXC8yMDI0XC8wMVwvSU1HXzU4ODMtc2NhbGVkLmpwZyIsInNsaWRlc2hvdyI6ImY1ZjY2OWYifQ%3D%3D\">\n\t\t\t\t\t<div class=\"e-gallery-image elementor-gallery-item__image\" data-thumbnail=\"https:\/\/www.ferrcos.es\/wp-content\/uploads\/2024\/01\/IMG_5883-768x512.jpg\" data-width=\"768\" data-height=\"512\" aria-label=\"\" role=\"img\" ><\/div>\n\t\t\t\t\t\t\t\t\t\t\t<div class=\"elementor-gallery-item__overlay\"><\/div>\n\t\t\t\t\t\t\t\t\t\t\t\t\t\t<\/a>\n\t\t\t\t\t\t\t<a class=\"e-gallery-item elementor-gallery-item elementor-animated-content\" href=\"https:\/\/www.ferrcos.es\/wp-content\/uploads\/2024\/01\/IMG_5868-scaled.jpg\" data-elementor-open-lightbox=\"yes\" data-elementor-lightbox-slideshow=\"f5f669f\" data-elementor-lightbox-title=\"IMG_5868\" data-e-action-hash=\"#elementor-action%3Aaction%3Dlightbox%26settings%3DeyJpZCI6MTA1MCwidXJsIjoiaHR0cHM6XC9cL3d3dy5mZXJyY29zLmVzXC93cC1jb250ZW50XC91cGxvYWRzXC8yMDI0XC8wMVwvSU1HXzU4Njgtc2NhbGVkLmpwZyIsInNsaWRlc2hvdyI6ImY1ZjY2OWYifQ%3D%3D\">\n\t\t\t\t\t<div class=\"e-gallery-image elementor-gallery-item__image\" data-thumbnail=\"https:\/\/www.ferrcos.es\/wp-content\/uploads\/2024\/01\/IMG_5868-768x512.jpg\" data-width=\"768\" data-height=\"512\" aria-label=\"\" role=\"img\" ><\/div>\n\t\t\t\t\t\t\t\t\t\t\t<div class=\"elementor-gallery-item__overlay\"><\/div>\n\t\t\t\t\t\t\t\t\t\t\t\t\t\t<\/a>\n\t\t\t\t\t\t\t<a class=\"e-gallery-item elementor-gallery-item elementor-animated-content\" href=\"https:\/\/www.ferrcos.es\/wp-content\/uploads\/2024\/01\/IMG_5879-scaled.jpg\" data-elementor-open-lightbox=\"yes\" data-elementor-lightbox-slideshow=\"f5f669f\" data-elementor-lightbox-title=\"IMG_5879\" data-e-action-hash=\"#elementor-action%3Aaction%3Dlightbox%26settings%3DeyJpZCI6MTA0NSwidXJsIjoiaHR0cHM6XC9cL3d3dy5mZXJyY29zLmVzXC93cC1jb250ZW50XC91cGxvYWRzXC8yMDI0XC8wMVwvSU1HXzU4Nzktc2NhbGVkLmpwZyIsInNsaWRlc2hvdyI6ImY1ZjY2OWYifQ%3D%3D\">\n\t\t\t\t\t<div class=\"e-gallery-image elementor-gallery-item__image\" data-thumbnail=\"https:\/\/www.ferrcos.es\/wp-content\/uploads\/2024\/01\/IMG_5879-768x512.jpg\" data-width=\"768\" data-height=\"512\" aria-label=\"\" role=\"img\" ><\/div>\n\t\t\t\t\t\t\t\t\t\t\t<div class=\"elementor-gallery-item__overlay\"><\/div>\n\t\t\t\t\t\t\t\t\t\t\t\t\t\t<\/a>\n\t\t\t\t\t<\/div>\n\t\t\t\t\t<\/div>\n\t\t\t\t\t<\/div>\n\t\t<\/div>\n\t\t\t\t\t<\/div>\n\t\t<\/section>\n\t\t\t\t<\/div>\n\t\t","protected":false},"excerpt":{"rendered":"<p>Le CEIP Pedro Alonso Ni\u00f1o dans la ville de Moguer (Huelva) est un projet architectural con\u00e7u par l&#8217;architecte Miguel Blazquez et construit par ECSA dans lequel Ferrcos a eu l&#8217;occasion de fournir les rev\u00eatements. La fa\u00e7ade, rev\u00eatue de briques apparentes et de marquises color\u00e9es, conf\u00e8re \u00e0 l\u2019\u00e9difice un apparence chaleureuse et contemporaine, soulignant la connexion [&hellip;]<\/p>\n","protected":false},"author":3,"featured_media":2727,"comment_status":"closed","ping_status":"closed","sticky":false,"template":"","format":"standard","meta":{"footnotes":""},"categories":[122,110],"tags":[123,116,124],"class_list":["post-3636","post","type-post","status-publish","format-standard","has-post-thumbnail","hentry","category-obra-publica-fr","category-proyectos-fr","tag-colegio-fr","tag-diseno-fr","tag-obra-publica-fr"],"_links":{"self":[{"href":"https:\/\/www.ferrcos.es\/fr\/wp-json\/wp\/v2\/posts\/3636","targetHints":{"allow":["GET"]}}],"collection":[{"href":"https:\/\/www.ferrcos.es\/fr\/wp-json\/wp\/v2\/posts"}],"about":[{"href":"https:\/\/www.ferrcos.es\/fr\/wp-json\/wp\/v2\/types\/post"}],"author":[{"embeddable":true,"href":"https:\/\/www.ferrcos.es\/fr\/wp-json\/wp\/v2\/users\/3"}],"replies":[{"embeddable":true,"href":"https:\/\/www.ferrcos.es\/fr\/wp-json\/wp\/v2\/comments?post=3636"}],"version-history":[{"count":9,"href":"https:\/\/www.ferrcos.es\/fr\/wp-json\/wp\/v2\/posts\/3636\/revisions"}],"predecessor-version":[{"id":4210,"href":"https:\/\/www.ferrcos.es\/fr\/wp-json\/wp\/v2\/posts\/3636\/revisions\/4210"}],"wp:featuredmedia":[{"embeddable":true,"href":"https:\/\/www.ferrcos.es\/fr\/wp-json\/wp\/v2\/media\/2727"}],"wp:attachment":[{"href":"https:\/\/www.ferrcos.es\/fr\/wp-json\/wp\/v2\/media?parent=3636"}],"wp:term":[{"taxonomy":"category","embeddable":true,"href":"https:\/\/www.ferrcos.es\/fr\/wp-json\/wp\/v2\/categories?post=3636"},{"taxonomy":"post_tag","embeddable":true,"href":"https:\/\/www.ferrcos.es\/fr\/wp-json\/wp\/v2\/tags?post=3636"}],"curies":[{"name":"wp","href":"https:\/\/api.w.org\/{rel}","templated":true}]}}