{"id":3632,"date":"2024-01-03T09:31:22","date_gmt":"2024-01-03T09:31:22","guid":{"rendered":"https:\/\/www.ferrcos.es\/cigarral-de-las-mercedes\/"},"modified":"2024-03-11T15:32:14","modified_gmt":"2024-03-11T15:32:14","slug":"cigarral-de-las-mercedes","status":"publish","type":"post","link":"https:\/\/www.ferrcos.es\/fr\/cigarral-de-las-mercedes\/","title":{"rendered":"Cigarral de las Mercedes"},"content":{"rendered":"\t\t<div data-elementor-type=\"wp-post\" data-elementor-id=\"3632\" class=\"elementor elementor-3632 elementor-980\" data-elementor-settings=\"{&quot;ha_cmc_init_switcher&quot;:&quot;no&quot;}\" data-elementor-post-type=\"post\">\n\t\t\t\t\t\t<section class=\"elementor-section elementor-top-section elementor-element elementor-element-4ae39dbd elementor-section-boxed elementor-section-height-default elementor-section-height-default\" data-id=\"4ae39dbd\" data-element_type=\"section\" data-e-type=\"section\" data-settings=\"{&quot;_ha_eqh_enable&quot;:false}\">\n\t\t\t\t\t\t<div class=\"elementor-container elementor-column-gap-default\">\n\t\t\t\t\t<div class=\"elementor-column elementor-col-100 elementor-top-column elementor-element elementor-element-2be93043\" data-id=\"2be93043\" data-element_type=\"column\" data-e-type=\"column\">\n\t\t\t<div class=\"elementor-widget-wrap elementor-element-populated\">\n\t\t\t\t\t\t<div class=\"elementor-element elementor-element-2d8772fb elementor-widget elementor-widget-text-editor\" data-id=\"2d8772fb\" data-element_type=\"widget\" data-e-type=\"widget\" data-widget_type=\"text-editor.default\">\n\t\t\t\t\t\t\t\t\t<p style=\"font-weight: 400;\">La <strong>boutique-h\u00f4tel Cigarral de las Mercedes<\/strong> \u00e0 Tol\u00e8de a \u00e9t\u00e9 con\u00e7u par le studio Requena y Plaza en prenant comme concept les \u00ab cigales \u00bb en r\u00e9f\u00e9rence aux manoirs de loisirs typiques de Tol\u00e8de. Originaires de l\u2019\u00e9poque islamique, ils se caract\u00e9risent par leurs vues sur l\u2019imposante ville des trois cultures.<\/p><p style=\"font-weight: 400;\">Con\u00e7u pour \u00eatre un h\u00e9bergement rural de luxe et de d\u00e9tente avec 16 chambres, chaque espace apport\u00e9 \u00e0 chaque espace une personnalit\u00e9 en termes de design et de sophistication, o\u00f9 chaque \u00e9l\u00e9ment est con\u00e7u pour le confort des h\u00f4tes.<\/p><p style=\"font-weight: 400;\">L\u2019architecture int\u00e9rieure s\u2019est d\u00e9velopp\u00e9e dans un style plus contemporain et h\u00e9t\u00e9rodoxe, alliant mat\u00e9riaux et \u00e9l\u00e9ments d&#8217;origine rustique \u00e1 des \u00e9l\u00e9ments de luxe \u00e9pur\u00e9s. Le studio de Requena y Plaza s&#8217;est bas\u00e9 sur une palette de couleurs neutres suivant la gamme des pierres calcaires, des menuiseries en ch\u00eane mat et des textiles comme le lin. Un projet qui allie le respect de l&#8217;environnement naturel au luxe et dans lequel Ferrcos a eu le plaisir de collaborer.<\/p>\t\t\t\t\t\t\t\t<\/div>\n\t\t\t\t\t<\/div>\n\t\t<\/div>\n\t\t\t\t\t<\/div>\n\t\t<\/section>\n\t\t\t\t<section class=\"elementor-section elementor-top-section elementor-element elementor-element-a2a781c elementor-section-boxed elementor-section-height-default elementor-section-height-default\" data-id=\"a2a781c\" data-element_type=\"section\" data-e-type=\"section\" data-settings=\"{&quot;_ha_eqh_enable&quot;:false}\">\n\t\t\t\t\t\t<div class=\"elementor-container elementor-column-gap-default\">\n\t\t\t\t\t<div class=\"elementor-column elementor-col-100 elementor-top-column elementor-element elementor-element-6dbc9b4\" data-id=\"6dbc9b4\" data-element_type=\"column\" data-e-type=\"column\">\n\t\t\t<div class=\"elementor-widget-wrap elementor-element-populated\">\n\t\t\t\t\t\t<div class=\"elementor-element elementor-element-ad0c0b5 elementor-widget elementor-widget-gallery\" data-id=\"ad0c0b5\" data-element_type=\"widget\" data-e-type=\"widget\" data-settings=\"{&quot;gallery_layout&quot;:&quot;grid&quot;,&quot;columns&quot;:4,&quot;columns_tablet&quot;:2,&quot;columns_mobile&quot;:1,&quot;gap&quot;:{&quot;unit&quot;:&quot;px&quot;,&quot;size&quot;:10,&quot;sizes&quot;:[]},&quot;gap_tablet&quot;:{&quot;unit&quot;:&quot;px&quot;,&quot;size&quot;:10,&quot;sizes&quot;:[]},&quot;gap_mobile&quot;:{&quot;unit&quot;:&quot;px&quot;,&quot;size&quot;:10,&quot;sizes&quot;:[]},&quot;link_to&quot;:&quot;file&quot;,&quot;aspect_ratio&quot;:&quot;3:2&quot;,&quot;overlay_background&quot;:&quot;yes&quot;,&quot;content_hover_animation&quot;:&quot;fade-in&quot;}\" data-widget_type=\"gallery.default\">\n\t\t\t\t\t\t\t<div class=\"elementor-gallery__container\">\n\t\t\t\t\t\t\t<a class=\"e-gallery-item elementor-gallery-item elementor-animated-content\" href=\"https:\/\/www.ferrcos.es\/wp-content\/uploads\/2024\/01\/15-Cigarral-de-las-Mercedes-237.jpg\" data-elementor-open-lightbox=\"yes\" data-elementor-lightbox-slideshow=\"ad0c0b5\" data-elementor-lightbox-title=\"15-Cigarral-de-las-Mercedes-237\" data-e-action-hash=\"#elementor-action%3Aaction%3Dlightbox%26settings%3DeyJpZCI6OTg1LCJ1cmwiOiJodHRwczpcL1wvd3d3LmZlcnJjb3MuZXNcL3dwLWNvbnRlbnRcL3VwbG9hZHNcLzIwMjRcLzAxXC8xNS1DaWdhcnJhbC1kZS1sYXMtTWVyY2VkZXMtMjM3LmpwZyIsInNsaWRlc2hvdyI6ImFkMGMwYjUifQ%3D%3D\">\n\t\t\t\t\t<div class=\"e-gallery-image elementor-gallery-item__image\" data-thumbnail=\"https:\/\/www.ferrcos.es\/wp-content\/uploads\/2024\/01\/15-Cigarral-de-las-Mercedes-237.jpg\" data-width=\"500\" data-height=\"750\" aria-label=\"\" role=\"img\" ><\/div>\n\t\t\t\t\t\t\t\t\t\t\t<div class=\"elementor-gallery-item__overlay\"><\/div>\n\t\t\t\t\t\t\t\t\t\t\t\t\t\t<\/a>\n\t\t\t\t\t\t\t<a class=\"e-gallery-item elementor-gallery-item elementor-animated-content\" href=\"https:\/\/www.ferrcos.es\/wp-content\/uploads\/2024\/01\/8-Cigarral-de-las-Mercedes-215.jpg\" data-elementor-open-lightbox=\"yes\" data-elementor-lightbox-slideshow=\"ad0c0b5\" data-elementor-lightbox-title=\"8-Cigarral-de-las-Mercedes-215\" data-e-action-hash=\"#elementor-action%3Aaction%3Dlightbox%26settings%3DeyJpZCI6OTg0LCJ1cmwiOiJodHRwczpcL1wvd3d3LmZlcnJjb3MuZXNcL3dwLWNvbnRlbnRcL3VwbG9hZHNcLzIwMjRcLzAxXC84LUNpZ2FycmFsLWRlLWxhcy1NZXJjZWRlcy0yMTUuanBnIiwic2xpZGVzaG93IjoiYWQwYzBiNSJ9\">\n\t\t\t\t\t<div class=\"e-gallery-image elementor-gallery-item__image\" data-thumbnail=\"https:\/\/www.ferrcos.es\/wp-content\/uploads\/2024\/01\/8-Cigarral-de-las-Mercedes-215.jpg\" data-width=\"500\" data-height=\"750\" aria-label=\"\" role=\"img\" ><\/div>\n\t\t\t\t\t\t\t\t\t\t\t<div class=\"elementor-gallery-item__overlay\"><\/div>\n\t\t\t\t\t\t\t\t\t\t\t\t\t\t<\/a>\n\t\t\t\t\t\t\t<a class=\"e-gallery-item elementor-gallery-item elementor-animated-content\" href=\"https:\/\/www.ferrcos.es\/wp-content\/uploads\/2024\/01\/7-Cigarral-de-las-Mercedes-209.jpg\" data-elementor-open-lightbox=\"yes\" data-elementor-lightbox-slideshow=\"ad0c0b5\" data-elementor-lightbox-title=\"7-Cigarral-de-las-Mercedes-209\" data-e-action-hash=\"#elementor-action%3Aaction%3Dlightbox%26settings%3DeyJpZCI6OTgyLCJ1cmwiOiJodHRwczpcL1wvd3d3LmZlcnJjb3MuZXNcL3dwLWNvbnRlbnRcL3VwbG9hZHNcLzIwMjRcLzAxXC83LUNpZ2FycmFsLWRlLWxhcy1NZXJjZWRlcy0yMDkuanBnIiwic2xpZGVzaG93IjoiYWQwYzBiNSJ9\">\n\t\t\t\t\t<div class=\"e-gallery-image elementor-gallery-item__image\" data-thumbnail=\"https:\/\/www.ferrcos.es\/wp-content\/uploads\/2024\/01\/7-Cigarral-de-las-Mercedes-209.jpg\" data-width=\"500\" data-height=\"750\" aria-label=\"\" role=\"img\" ><\/div>\n\t\t\t\t\t\t\t\t\t\t\t<div class=\"elementor-gallery-item__overlay\"><\/div>\n\t\t\t\t\t\t\t\t\t\t\t\t\t\t<\/a>\n\t\t\t\t\t\t\t<a class=\"e-gallery-item elementor-gallery-item elementor-animated-content\" href=\"https:\/\/www.ferrcos.es\/wp-content\/uploads\/2024\/01\/10-Cigarral-de-las-Mercedes-153.jpg\" data-elementor-open-lightbox=\"yes\" data-elementor-lightbox-slideshow=\"ad0c0b5\" data-elementor-lightbox-title=\"10-Cigarral-de-las-Mercedes-153\" data-e-action-hash=\"#elementor-action%3Aaction%3Dlightbox%26settings%3DeyJpZCI6OTg5LCJ1cmwiOiJodHRwczpcL1wvd3d3LmZlcnJjb3MuZXNcL3dwLWNvbnRlbnRcL3VwbG9hZHNcLzIwMjRcLzAxXC8xMC1DaWdhcnJhbC1kZS1sYXMtTWVyY2VkZXMtMTUzLmpwZyIsInNsaWRlc2hvdyI6ImFkMGMwYjUifQ%3D%3D\">\n\t\t\t\t\t<div class=\"e-gallery-image elementor-gallery-item__image\" data-thumbnail=\"https:\/\/www.ferrcos.es\/wp-content\/uploads\/2024\/01\/10-Cigarral-de-las-Mercedes-153.jpg\" data-width=\"500\" data-height=\"750\" aria-label=\"\" role=\"img\" ><\/div>\n\t\t\t\t\t\t\t\t\t\t\t<div class=\"elementor-gallery-item__overlay\"><\/div>\n\t\t\t\t\t\t\t\t\t\t\t\t\t\t<\/a>\n\t\t\t\t\t\t\t<a class=\"e-gallery-item elementor-gallery-item elementor-animated-content\" href=\"https:\/\/www.ferrcos.es\/wp-content\/uploads\/2024\/01\/12-Cigarral-de-las-Mercedes-132.jpg\" data-elementor-open-lightbox=\"yes\" data-elementor-lightbox-slideshow=\"ad0c0b5\" data-elementor-lightbox-title=\"12-Cigarral-de-las-Mercedes-132\" data-e-action-hash=\"#elementor-action%3Aaction%3Dlightbox%26settings%3DeyJpZCI6OTg4LCJ1cmwiOiJodHRwczpcL1wvd3d3LmZlcnJjb3MuZXNcL3dwLWNvbnRlbnRcL3VwbG9hZHNcLzIwMjRcLzAxXC8xMi1DaWdhcnJhbC1kZS1sYXMtTWVyY2VkZXMtMTMyLmpwZyIsInNsaWRlc2hvdyI6ImFkMGMwYjUifQ%3D%3D\">\n\t\t\t\t\t<div class=\"e-gallery-image elementor-gallery-item__image\" data-thumbnail=\"https:\/\/www.ferrcos.es\/wp-content\/uploads\/2024\/01\/12-Cigarral-de-las-Mercedes-132.jpg\" data-width=\"500\" data-height=\"750\" aria-label=\"\" role=\"img\" ><\/div>\n\t\t\t\t\t\t\t\t\t\t\t<div class=\"elementor-gallery-item__overlay\"><\/div>\n\t\t\t\t\t\t\t\t\t\t\t\t\t\t<\/a>\n\t\t\t\t\t\t\t<a class=\"e-gallery-item elementor-gallery-item elementor-animated-content\" href=\"https:\/\/www.ferrcos.es\/wp-content\/uploads\/2024\/01\/14-Cigarral-de-las-Mercedes-225.jpg\" data-elementor-open-lightbox=\"yes\" data-elementor-lightbox-slideshow=\"ad0c0b5\" data-elementor-lightbox-title=\"14-Cigarral-de-las-Mercedes-225\" data-e-action-hash=\"#elementor-action%3Aaction%3Dlightbox%26settings%3DeyJpZCI6OTg2LCJ1cmwiOiJodHRwczpcL1wvd3d3LmZlcnJjb3MuZXNcL3dwLWNvbnRlbnRcL3VwbG9hZHNcLzIwMjRcLzAxXC8xNC1DaWdhcnJhbC1kZS1sYXMtTWVyY2VkZXMtMjI1LmpwZyIsInNsaWRlc2hvdyI6ImFkMGMwYjUifQ%3D%3D\">\n\t\t\t\t\t<div class=\"e-gallery-image elementor-gallery-item__image\" data-thumbnail=\"https:\/\/www.ferrcos.es\/wp-content\/uploads\/2024\/01\/14-Cigarral-de-las-Mercedes-225.jpg\" data-width=\"500\" data-height=\"750\" aria-label=\"\" role=\"img\" ><\/div>\n\t\t\t\t\t\t\t\t\t\t\t<div class=\"elementor-gallery-item__overlay\"><\/div>\n\t\t\t\t\t\t\t\t\t\t\t\t\t\t<\/a>\n\t\t\t\t\t\t\t<a class=\"e-gallery-item elementor-gallery-item elementor-animated-content\" href=\"https:\/\/www.ferrcos.es\/wp-content\/uploads\/2024\/01\/13-Cigarral-de-las-Mercedes-208.jpg\" data-elementor-open-lightbox=\"yes\" data-elementor-lightbox-slideshow=\"ad0c0b5\" data-elementor-lightbox-title=\"13-Cigarral-de-las-Mercedes-208\" data-e-action-hash=\"#elementor-action%3Aaction%3Dlightbox%26settings%3DeyJpZCI6OTg3LCJ1cmwiOiJodHRwczpcL1wvd3d3LmZlcnJjb3MuZXNcL3dwLWNvbnRlbnRcL3VwbG9hZHNcLzIwMjRcLzAxXC8xMy1DaWdhcnJhbC1kZS1sYXMtTWVyY2VkZXMtMjA4LmpwZyIsInNsaWRlc2hvdyI6ImFkMGMwYjUifQ%3D%3D\">\n\t\t\t\t\t<div class=\"e-gallery-image elementor-gallery-item__image\" data-thumbnail=\"https:\/\/www.ferrcos.es\/wp-content\/uploads\/2024\/01\/13-Cigarral-de-las-Mercedes-208.jpg\" data-width=\"500\" data-height=\"750\" aria-label=\"\" role=\"img\" ><\/div>\n\t\t\t\t\t\t\t\t\t\t\t<div class=\"elementor-gallery-item__overlay\"><\/div>\n\t\t\t\t\t\t\t\t\t\t\t\t\t\t<\/a>\n\t\t\t\t\t\t\t<a class=\"e-gallery-item elementor-gallery-item elementor-animated-content\" href=\"https:\/\/www.ferrcos.es\/wp-content\/uploads\/2024\/01\/2-Cigarral-de-las-Mercedes-165.jpg\" data-elementor-open-lightbox=\"yes\" data-elementor-lightbox-slideshow=\"ad0c0b5\" data-elementor-lightbox-title=\"2-Cigarral-de-las-Mercedes-165\" data-e-action-hash=\"#elementor-action%3Aaction%3Dlightbox%26settings%3DeyJpZCI6OTkzLCJ1cmwiOiJodHRwczpcL1wvd3d3LmZlcnJjb3MuZXNcL3dwLWNvbnRlbnRcL3VwbG9hZHNcLzIwMjRcLzAxXC8yLUNpZ2FycmFsLWRlLWxhcy1NZXJjZWRlcy0xNjUuanBnIiwic2xpZGVzaG93IjoiYWQwYzBiNSJ9\">\n\t\t\t\t\t<div class=\"e-gallery-image elementor-gallery-item__image\" data-thumbnail=\"https:\/\/www.ferrcos.es\/wp-content\/uploads\/2024\/01\/2-Cigarral-de-las-Mercedes-165-768x512.jpg\" data-width=\"768\" data-height=\"512\" aria-label=\"\" role=\"img\" ><\/div>\n\t\t\t\t\t\t\t\t\t\t\t<div class=\"elementor-gallery-item__overlay\"><\/div>\n\t\t\t\t\t\t\t\t\t\t\t\t\t\t<\/a>\n\t\t\t\t\t<\/div>\n\t\t\t\t\t<\/div>\n\t\t\t\t\t<\/div>\n\t\t<\/div>\n\t\t\t\t\t<\/div>\n\t\t<\/section>\n\t\t\t\t<\/div>\n\t\t","protected":false},"excerpt":{"rendered":"<p>La boutique-h\u00f4tel Cigarral de las Mercedes \u00e0 Tol\u00e8de a \u00e9t\u00e9 con\u00e7u par le studio Requena y Plaza en prenant comme concept les \u00ab cigales \u00bb en r\u00e9f\u00e9rence aux manoirs de loisirs typiques de Tol\u00e8de. Originaires de l\u2019\u00e9poque islamique, ils se caract\u00e9risent par leurs vues sur l\u2019imposante ville des trois cultures. Con\u00e7u pour \u00eatre un h\u00e9bergement [&hellip;]<\/p>\n","protected":false},"author":3,"featured_media":2707,"comment_status":"closed","ping_status":"closed","sticky":false,"template":"","format":"standard","meta":{"footnotes":""},"categories":[115,110],"tags":[116,117,112],"class_list":["post-3632","post","type-post","status-publish","format-standard","has-post-thumbnail","hentry","category-hoteles-fr","category-proyectos-fr","tag-diseno-fr","tag-hotel-fr","tag-interiorismo-fr"],"_links":{"self":[{"href":"https:\/\/www.ferrcos.es\/fr\/wp-json\/wp\/v2\/posts\/3632","targetHints":{"allow":["GET"]}}],"collection":[{"href":"https:\/\/www.ferrcos.es\/fr\/wp-json\/wp\/v2\/posts"}],"about":[{"href":"https:\/\/www.ferrcos.es\/fr\/wp-json\/wp\/v2\/types\/post"}],"author":[{"embeddable":true,"href":"https:\/\/www.ferrcos.es\/fr\/wp-json\/wp\/v2\/users\/3"}],"replies":[{"embeddable":true,"href":"https:\/\/www.ferrcos.es\/fr\/wp-json\/wp\/v2\/comments?post=3632"}],"version-history":[{"count":9,"href":"https:\/\/www.ferrcos.es\/fr\/wp-json\/wp\/v2\/posts\/3632\/revisions"}],"predecessor-version":[{"id":4204,"href":"https:\/\/www.ferrcos.es\/fr\/wp-json\/wp\/v2\/posts\/3632\/revisions\/4204"}],"wp:featuredmedia":[{"embeddable":true,"href":"https:\/\/www.ferrcos.es\/fr\/wp-json\/wp\/v2\/media\/2707"}],"wp:attachment":[{"href":"https:\/\/www.ferrcos.es\/fr\/wp-json\/wp\/v2\/media?parent=3632"}],"wp:term":[{"taxonomy":"category","embeddable":true,"href":"https:\/\/www.ferrcos.es\/fr\/wp-json\/wp\/v2\/categories?post=3632"},{"taxonomy":"post_tag","embeddable":true,"href":"https:\/\/www.ferrcos.es\/fr\/wp-json\/wp\/v2\/tags?post=3632"}],"curies":[{"name":"wp","href":"https:\/\/api.w.org\/{rel}","templated":true}]}}